{"id":18118,"date":"2024-03-13T18:59:01","date_gmt":"2024-03-14T00:59:01","guid":{"rendered":"https:\/\/elrotativo.com.mx\/portal\/?p=18118"},"modified":"2024-03-13T18:59:01","modified_gmt":"2024-03-14T00:59:01","slug":"en-busca-de-impulsar-a-los-cantautores-realizaran-concierto-de-la-mano-al-corazon","status":"publish","type":"post","link":"https:\/\/elrotativo.com.mx\/portal\/en-busca-de-impulsar-a-los-cantautores-realizaran-concierto-de-la-mano-al-corazon\/","title":{"rendered":"En busca de impulsar a los cantautores realizar\u00e1n concierto \u00abDe la Mano al Coraz\u00f3n\u00bb"},"content":{"rendered":"\n<p class=\"wp-block-paragraph\"><em><strong>Ser\u00e1 en Orizaba el 16 de marzo sin costo de entrada<\/strong><\/em><\/p>\n\n\n\n<p class=\"wp-block-paragraph\">Orizaba, Ver.- Con la finalidad de impulsar la m\u00fasica local, un grupo de cantautores de la regi\u00f3n, realizar\u00e1n el pr\u00f3ximo s\u00e1bado 16 de marzo el concierto \u00abDe la Mano al Coraz\u00f3n\u00bb en la ciudad de Orizaba, el cual ser\u00e1 completamente gratuito para el p\u00fablico en general.<\/p>\n\n\n\n<p class=\"wp-block-paragraph\">De acuerdo con V\u00edctor Pereda L\u00f3pez, organizador del evento, el prop\u00f3sito es dar realce a la m\u00fasica y letra de autor\u00eda, as\u00ed como brindar un espacio a los talentos cantantes de la regi\u00f3n, quienes se expresan mediante su m\u00fasica y letras originales, pero ante la falta de espacios no son escuchados.<\/p>\n\n\n\n<p class=\"wp-block-paragraph\">\u00abQueremos impulsar la cultura y el arte, respeto a los lugares que nos abren las puertas, pero no todo es igual, queremos retomar nuestra labor y este es el primer evento de la regi\u00f3n, no hay foros que nos apoyen, todos hemos tocado covers, pero la m\u00fasica de autor nace del coraz\u00f3n\u00bb.<\/p>\n\n\n\n<p class=\"wp-block-paragraph\">Aunque lamentaron que no existen foros para los cantantes de autor\u00edas, dijeron que esta es una buena oportunidad por lo que ellos mismos buscan darse oportunidades mediante encuentros, presentaciones y conciertos a los que son invitados.<\/p>\n\n\n\n<p class=\"wp-block-paragraph\">De igual forma el cantautor Edil Guzm\u00e1n, cantautor dio a conocer que dif\u00edcilmente el p\u00fablico busca o\u00edr canciones nuevas, \u00abEs dif\u00edcil que a los profesores de m\u00fasica se le d\u00e9 un sueldo hom\u00f3logo a un docente normal, la gente no aprecia lo que no conoce y eso se inculca no solo con publicidad sino conociendo y eso tambi\u00e9n viene de la escuela, la educaci\u00f3n\u00bb.<\/p>\n\n\n\n<p class=\"wp-block-paragraph\">Finalmente informaron que en este escenario se estar\u00e1n presentando Luis Cid, Josu\u00e9 Mendoza, Mercedes Barranco, Silver Islas, Manolo Reyes, Edgar Carrillo, El Ameca, evento que se realizar\u00e1 en el Teatro Ignacio de la Llave, a partir de las 6:00 de la tarde.<\/p>\n","protected":false},"excerpt":{"rendered":"<p>Ser\u00e1 en Orizaba el 16 de marzo sin costo de entrada Orizaba, Ver.- Con la finalidad de impulsar la m\u00fasica local, un grupo de cantautores de la regi\u00f3n, realizar\u00e1n el pr\u00f3ximo s\u00e1bado 16 de marzo el concierto \u00abDe la Mano al Coraz\u00f3n\u00bb en la ciudad de Orizaba, el cual ser\u00e1 completamente gratuito para el p\u00fablico [&hellip;]<\/p>\n","protected":false},"author":1,"featured_media":18124,"comment_status":"open","ping_status":"open","sticky":false,"template":"","format":"standard","meta":{"tdm_status":"","tdm_grid_status":"","footnotes":""},"categories":[26,10],"tags":[],"class_list":["post-18118","post","type-post","status-publish","format-standard","has-post-thumbnail","category-destacada-4","category-local-regional"],"_links":{"self":[{"href":"https:\/\/elrotativo.com.mx\/portal\/wp-json\/wp\/v2\/posts\/18118","targetHints":{"allow":["GET"]}}],"collection":[{"href":"https:\/\/elrotativo.com.mx\/portal\/wp-json\/wp\/v2\/posts"}],"about":[{"href":"https:\/\/elrotativo.com.mx\/portal\/wp-json\/wp\/v2\/types\/post"}],"author":[{"embeddable":true,"href":"https:\/\/elrotativo.com.mx\/portal\/wp-json\/wp\/v2\/users\/1"}],"replies":[{"embeddable":true,"href":"https:\/\/elrotativo.com.mx\/portal\/wp-json\/wp\/v2\/comments?post=18118"}],"version-history":[{"count":1,"href":"https:\/\/elrotativo.com.mx\/portal\/wp-json\/wp\/v2\/posts\/18118\/revisions"}],"predecessor-version":[{"id":18125,"href":"https:\/\/elrotativo.com.mx\/portal\/wp-json\/wp\/v2\/posts\/18118\/revisions\/18125"}],"wp:featuredmedia":[{"embeddable":true,"href":"https:\/\/elrotativo.com.mx\/portal\/wp-json\/wp\/v2\/media\/18124"}],"wp:attachment":[{"href":"https:\/\/elrotativo.com.mx\/portal\/wp-json\/wp\/v2\/media?parent=18118"}],"wp:term":[{"taxonomy":"category","embeddable":true,"href":"https:\/\/elrotativo.com.mx\/portal\/wp-json\/wp\/v2\/categories?post=18118"},{"taxonomy":"post_tag","embeddable":true,"href":"https:\/\/elrotativo.com.mx\/portal\/wp-json\/wp\/v2\/tags?post=18118"}],"curies":[{"name":"wp","href":"https:\/\/api.w.org\/{rel}","templated":true}]}}