{"id":18117,"date":"2024-03-13T18:58:14","date_gmt":"2024-03-14T00:58:14","guid":{"rendered":"https:\/\/elrotativo.com.mx\/portal\/?p=18117"},"modified":"2024-03-13T18:58:15","modified_gmt":"2024-03-14T00:58:15","slug":"por-enesima-ocasion-se-manifiestan-habitantes-de-ixtac-por-falta-de-agua","status":"publish","type":"post","link":"https:\/\/elrotativo.com.mx\/portal\/por-enesima-ocasion-se-manifiestan-habitantes-de-ixtac-por-falta-de-agua\/","title":{"rendered":"Por en\u00e9sima ocasi\u00f3n se manifiestan habitantes de Ixtac por falta de agua"},"content":{"rendered":"\n<p class=\"wp-block-paragraph\"><strong><em>Ahora son de la colonia Antonio Luna; van tres manifestaciones de diferentes colonias en menos de una semana<\/em><\/strong><\/p>\n\n\n\n<p class=\"wp-block-paragraph\">Ixtaczoquitl\u00e1n, Ver. \u2013 Por tercera ocasi\u00f3n en menos de una semana, habitantes del municipio de Ixtaczoquitl\u00e1n se manifestaron en el exterior del Palacio Municipal, ante la falta de agua que padecen, en esta ocasi\u00f3n se trata de la colonia Antonio Luna, quienes aseguran desde hace 45 d\u00edas no reciben este l\u00edquido en sus hogares.<\/p>\n\n\n\n<p class=\"wp-block-paragraph\">&nbsp;Y es que se\u00f1alaron que ante la suspensi\u00f3n del servicio de pipas con que son abastecidos desde hace vario a\u00f1os por parte de la autoridad municipal, deben obtener agua de una acumulaci\u00f3n de agua que se genera a ra\u00edz de una fuga de una tuber\u00eda que conduce agua a la localidad de Sumidero, lo que est\u00e1 generando enfermedades entre la poblaci\u00f3n.<\/p>\n\n\n\n<p class=\"wp-block-paragraph\">Recordaron que esta colonia se fund\u00f3 hace m\u00e1s de 17 a\u00f1os, sin embargo, al no poder regularizar sus predios, el ayuntamiento los tiene olvidado en los temas de servicios municipales, sin embargo, a pesar de ellos, las administraciones municipales pasadas les dotaban con pipas de agua, lo que la actual no est\u00e1 haciendo.<\/p>\n\n\n\n<p class=\"wp-block-paragraph\">Detallaron que es de una peque\u00f1a fuga de agua donde amas de casa, ni\u00f1os, adultos mayores y enfermos se abastecen para hacer algunos quehaceres en casa y mantener su vivienda y entorno lo mejor aseado posible.<\/p>\n\n\n\n<p class=\"wp-block-paragraph\">En el palacio fueron atendidos por el coordinador de agua potable, qui\u00e9n les dijo que el servicio de pipas es para las colonias o comunidades que cubren sus impuestos, lo cual caus\u00f3 la molestia de los habitantes porque aseguran en este 2024 han cubierto este pago.<\/p>\n\n\n\n<p class=\"wp-block-paragraph\">Recordaron que les ha abastecido el servicio de agua con pipas desde hace 17 a\u00f1os, \u00abcon los otros presidentes, el abasto hab\u00eda sido suficiente, pero de este para ac\u00e1 nos ha estado faltando, la fuga es una sola toma la que hay en otro terreno de cerca y de ah\u00ed agarramos el agua, ahorita vamos para que vean que no tenemos agua y observen de d\u00f3nde tomamos el agua\u00bb.<\/p>\n\n\n\n<p class=\"wp-block-paragraph\">Es de recordar que esta manifestaci\u00f3n se suma a las de habitantes de las colonias: Morelos, Guayabal, Potrerillo, , Lezama, la localidad de Nexca y cabecera municipal por mencionar algunas que han bloqueado las calles y el palacio en demanda de este l\u00edquido.<\/p>\n","protected":false},"excerpt":{"rendered":"<p>Ahora son de la colonia Antonio Luna; van tres manifestaciones de diferentes colonias en menos de una semana Ixtaczoquitl\u00e1n, Ver. \u2013 Por tercera ocasi\u00f3n en menos de una semana, habitantes del municipio de Ixtaczoquitl\u00e1n se manifestaron en el exterior del Palacio Municipal, ante la falta de agua que padecen, en esta ocasi\u00f3n se trata de [&hellip;]<\/p>\n","protected":false},"author":1,"featured_media":18122,"comment_status":"open","ping_status":"open","sticky":false,"template":"","format":"standard","meta":{"tdm_status":"","tdm_grid_status":"","footnotes":""},"categories":[26,10],"tags":[],"class_list":["post-18117","post","type-post","status-publish","format-standard","has-post-thumbnail","category-destacada-4","category-local-regional"],"_links":{"self":[{"href":"https:\/\/elrotativo.com.mx\/portal\/wp-json\/wp\/v2\/posts\/18117","targetHints":{"allow":["GET"]}}],"collection":[{"href":"https:\/\/elrotativo.com.mx\/portal\/wp-json\/wp\/v2\/posts"}],"about":[{"href":"https:\/\/elrotativo.com.mx\/portal\/wp-json\/wp\/v2\/types\/post"}],"author":[{"embeddable":true,"href":"https:\/\/elrotativo.com.mx\/portal\/wp-json\/wp\/v2\/users\/1"}],"replies":[{"embeddable":true,"href":"https:\/\/elrotativo.com.mx\/portal\/wp-json\/wp\/v2\/comments?post=18117"}],"version-history":[{"count":1,"href":"https:\/\/elrotativo.com.mx\/portal\/wp-json\/wp\/v2\/posts\/18117\/revisions"}],"predecessor-version":[{"id":18123,"href":"https:\/\/elrotativo.com.mx\/portal\/wp-json\/wp\/v2\/posts\/18117\/revisions\/18123"}],"wp:featuredmedia":[{"embeddable":true,"href":"https:\/\/elrotativo.com.mx\/portal\/wp-json\/wp\/v2\/media\/18122"}],"wp:attachment":[{"href":"https:\/\/elrotativo.com.mx\/portal\/wp-json\/wp\/v2\/media?parent=18117"}],"wp:term":[{"taxonomy":"category","embeddable":true,"href":"https:\/\/elrotativo.com.mx\/portal\/wp-json\/wp\/v2\/categories?post=18117"},{"taxonomy":"post_tag","embeddable":true,"href":"https:\/\/elrotativo.com.mx\/portal\/wp-json\/wp\/v2\/tags?post=18117"}],"curies":[{"name":"wp","href":"https:\/\/api.w.org\/{rel}","templated":true}]}}