{"id":18104,"date":"2024-03-12T17:53:31","date_gmt":"2024-03-12T23:53:31","guid":{"rendered":"https:\/\/elrotativo.com.mx\/portal\/?p=18104"},"modified":"2024-03-12T17:53:32","modified_gmt":"2024-03-12T23:53:32","slug":"piden-madres-de-familia-cancelen-clave-al-cendi-abejtas-de-orizaba","status":"publish","type":"post","link":"https:\/\/elrotativo.com.mx\/portal\/piden-madres-de-familia-cancelen-clave-al-cendi-abejtas-de-orizaba\/","title":{"rendered":"Piden madres de familia cancelen clave al cendi \u201cAbejtas\u201d de Orizaba"},"content":{"rendered":"\n<p class=\"wp-block-paragraph\"><em><strong>Aseguran ya hay por lo menos 40 denuncias de maltrato infantil en contra de personal docente<\/strong><\/em><\/p>\n\n\n\n<p class=\"wp-block-paragraph\">Orizaba, Ver.- Al asegurar que suman por lo menos 40 denuncias por los presuntos delitos de maltrato infantil f\u00edsico y psicol\u00f3gico, contra el personal docente del Centro de Desarrollo Infantil (Cendi) \u201cAbejitas\u00bb y el preescolar Jaime Torres Bodet, padres de familia han solicitado a las autoridades educativas el cierre de este lugar, as\u00ed como el retiro de la Clave de trabajo.<\/p>\n\n\n\n<p class=\"wp-block-paragraph\">En entrevista los padres explicaron que luego de que hace 10 d\u00edas se dieran a conocer algunos de los abusos, se han sumado denuncias de los ni\u00f1os quienes aseguran recib\u00edan castigos como jalones de cabello al pasar el cepillo, hematomas en la cabeza, colocaciones de cinta adhesiva y los propios calcetines en la boca para que guardaran silencio, adem\u00e1s de que eran amarrados en las sillas y periqueras o incluyendo llevarlos a un cuarto oscuro en represi\u00f3n.<\/p>\n\n\n\n<p class=\"wp-block-paragraph\">\u201cLos han castigado amarr\u00e1ndolos de las sillas a las sillas. En sus labios e incluso nuestro ni\u00f1o manifest\u00f3 que le quitan los calcetines y se los meten en la boca, eso es injusticia y eso merece ser castigado conforme a la ley\u201d.<\/p>\n\n\n\n<p class=\"wp-block-paragraph\">Ante ello, dijeron que no pueden permitir que el Cendi siga trabajando pues no se ha garantizado la seguridad de los menores que ah\u00ed acuden, por lo que solicitaron a las autoridades de la SEV e incluso al Gobernador del estado a que tome cartas en el asunto.<\/p>\n\n\n\n<p class=\"wp-block-paragraph\">\u201cEllos nos manipulaban tambi\u00e9n a nosotros, ellas abusaban de todo esto. \u00bfPor qu\u00e9? Porque no es de ahorita porque llevan a\u00f1os haci\u00e9ndolo porque como le digo a la due\u00f1a, entonces esa orden \u00bfde qui\u00e9n ven\u00eda? era por parte de las maestras, porque no nada m\u00e1s es una maestra de preescolar de primero, tambi\u00e9n est\u00e1n saliendo casos de ni\u00f1os de segundo, de tercero, la due\u00f1a no se dio, la directora, la psic\u00f3loga \u00bfde verdad?\u201d.<\/p>\n\n\n\n<p class=\"wp-block-paragraph\">Expusieron que la mayor\u00eda de los ni\u00f1os de diversos grados est\u00e1n mostrando conductas de da\u00f1o psicol\u00f3gico,&nbsp; \u201cEllos nos a\u00edslan, ahora comprendemos que esto era modus operando, ellas nos estaban limitando, nos apartaban, no hab\u00eda grupos de WhatsApp, no hab\u00eda comunicaci\u00f3n con las maestras, \u00bfpor qu\u00e9? Porque ellas lo callaban siempre dec\u00edan, hay un protocolo que seguir, \u00bfcu\u00e1l era el protocolo?\u201d.<\/p>\n\n\n\n<p class=\"wp-block-paragraph\">Finalmente reiteraron la petici\u00f3n del cierre de este lugar para que no siga afectando a los menores. \u00abExigimos el cese de las maestras, de todas y tambi\u00e9n la investigaci\u00f3n de todas las que han pasado y que jam\u00e1s vuelvan a dar clases esas maestras, porque llevan 17 a\u00f1os trabajando en esta escuela y eso quiere decir que, durante 17 a\u00f1os han hecho lo mismo exigimos Gobernador que nos escuche, al Delegado Anzures, al Secretario de Educaci\u00f3n, los ni\u00f1os no se tocan as\u00ed lo dijiste Cuitl\u00e1huac&nbsp; ahora nos cumples y que cancelen la clave de esta escuela Jaime Torres Bodet y CENDI Abejitas, no queremos m\u00e1s ni\u00f1os lastimados no queremos m\u00e1s ni\u00f1os violentados\u00bb.<br><\/p>\n","protected":false},"excerpt":{"rendered":"<p>Aseguran ya hay por lo menos 40 denuncias de maltrato infantil en contra de personal docente Orizaba, Ver.- Al asegurar que suman por lo menos 40 denuncias por los presuntos delitos de maltrato infantil f\u00edsico y psicol\u00f3gico, contra el personal docente del Centro de Desarrollo Infantil (Cendi) \u201cAbejitas\u00bb y el preescolar Jaime Torres Bodet, padres [&hellip;]<\/p>\n","protected":false},"author":1,"featured_media":18109,"comment_status":"open","ping_status":"open","sticky":false,"template":"","format":"standard","meta":{"tdm_status":"","tdm_grid_status":"","footnotes":""},"categories":[26,10],"tags":[],"class_list":["post-18104","post","type-post","status-publish","format-standard","has-post-thumbnail","category-destacada-4","category-local-regional"],"_links":{"self":[{"href":"https:\/\/elrotativo.com.mx\/portal\/wp-json\/wp\/v2\/posts\/18104","targetHints":{"allow":["GET"]}}],"collection":[{"href":"https:\/\/elrotativo.com.mx\/portal\/wp-json\/wp\/v2\/posts"}],"about":[{"href":"https:\/\/elrotativo.com.mx\/portal\/wp-json\/wp\/v2\/types\/post"}],"author":[{"embeddable":true,"href":"https:\/\/elrotativo.com.mx\/portal\/wp-json\/wp\/v2\/users\/1"}],"replies":[{"embeddable":true,"href":"https:\/\/elrotativo.com.mx\/portal\/wp-json\/wp\/v2\/comments?post=18104"}],"version-history":[{"count":1,"href":"https:\/\/elrotativo.com.mx\/portal\/wp-json\/wp\/v2\/posts\/18104\/revisions"}],"predecessor-version":[{"id":18114,"href":"https:\/\/elrotativo.com.mx\/portal\/wp-json\/wp\/v2\/posts\/18104\/revisions\/18114"}],"wp:featuredmedia":[{"embeddable":true,"href":"https:\/\/elrotativo.com.mx\/portal\/wp-json\/wp\/v2\/media\/18109"}],"wp:attachment":[{"href":"https:\/\/elrotativo.com.mx\/portal\/wp-json\/wp\/v2\/media?parent=18104"}],"wp:term":[{"taxonomy":"category","embeddable":true,"href":"https:\/\/elrotativo.com.mx\/portal\/wp-json\/wp\/v2\/categories?post=18104"},{"taxonomy":"post_tag","embeddable":true,"href":"https:\/\/elrotativo.com.mx\/portal\/wp-json\/wp\/v2\/tags?post=18104"}],"curies":[{"name":"wp","href":"https:\/\/api.w.org\/{rel}","templated":true}]}}