{"id":18103,"date":"2024-03-12T17:52:10","date_gmt":"2024-03-12T23:52:10","guid":{"rendered":"https:\/\/elrotativo.com.mx\/portal\/?p=18103"},"modified":"2024-03-12T17:52:10","modified_gmt":"2024-03-12T23:52:10","slug":"a-dos-anos-de-haber-pagado-su-titulo-ex-alumnas-de-la-atenas-siguen-sin-recibir-su-documento","status":"publish","type":"post","link":"https:\/\/elrotativo.com.mx\/portal\/a-dos-anos-de-haber-pagado-su-titulo-ex-alumnas-de-la-atenas-siguen-sin-recibir-su-documento\/","title":{"rendered":"A dos a\u00f1os de haber pagado su t\u00edtulo, ex alumnas de la \u201cAtenas\u201d siguen sin recibir su documento"},"content":{"rendered":"\n<p class=\"wp-block-paragraph\">Orizaba, Ver.- Padres de familia y alumnas egresadas de la carrera de licenciatura en preescolar se manifestaron este martes en el Instituto Atenas de Orizaba en protesta por el retraso en la entrega de sus t\u00edtulos, pues aseguran que a pesar de que ya pagaron el tr\u00e1mite desde hace dos a\u00f1os no les ha sido entregado el documento.<\/p>\n\n\n\n<p class=\"wp-block-paragraph\">Durante la manifestaci\u00f3n las afectadas explicaron que egresaron de la carrera hace dos a\u00f1os y es la fecha en que no reciben el t\u00edtulo, lo que les ha afectado para poder emplearse o presentar examen en la Unidad del Sistema para Carrera de los Maestros (Usicamm) em busca de alguna plaza.<\/p>\n\n\n\n<p class=\"wp-block-paragraph\">Detallaron que son egresadas de las generaciones 2018-2022 y 2019-2023. \u00abEstamos inconformes con el retraso de nuestros t\u00edtulos, han pasado dos a\u00f1os en los que no nos dan respuesta clara por parte de la instituci\u00f3n, una fecha exacta donde nos digan, nos comprometemos a tal fecha a entreg\u00e1rselos\u00bb.<\/p>\n\n\n\n<p class=\"wp-block-paragraph\">De este tema la directiva de la instituci\u00f3n explic\u00f3 que el retraso en la expedici\u00f3n de los t\u00edtulos es por parte de la SEP, que hizo algunos cambios y ahora se tiene esta problem\u00e1tica, tema que ya han explicado a las egresadas, incluso por parte de un representante de la Direcci\u00f3n General de Normales.<\/p>\n\n\n\n<p class=\"wp-block-paragraph\">Sin embargo esto no bast\u00f3 para las afectadas pues exponen han cubierto el pago de 17 mil pesos por su t\u00edtulo profesional y no pueden perder ese recurso ni tampoco todo lo que invirtieron en su educaci\u00f3n, por lo que consideran que la escuela tambi\u00e9n tiene que presionar a la autoridades educativas.<br><\/p>\n","protected":false},"excerpt":{"rendered":"<p>Orizaba, Ver.- Padres de familia y alumnas egresadas de la carrera de licenciatura en preescolar se manifestaron este martes en el Instituto Atenas de Orizaba en protesta por el retraso en la entrega de sus t\u00edtulos, pues aseguran que a pesar de que ya pagaron el tr\u00e1mite desde hace dos a\u00f1os no les ha sido [&hellip;]<\/p>\n","protected":false},"author":1,"featured_media":18108,"comment_status":"open","ping_status":"open","sticky":false,"template":"","format":"standard","meta":{"tdm_status":"","tdm_grid_status":"","footnotes":""},"categories":[26,10],"tags":[],"class_list":["post-18103","post","type-post","status-publish","format-standard","has-post-thumbnail","category-destacada-4","category-local-regional"],"_links":{"self":[{"href":"https:\/\/elrotativo.com.mx\/portal\/wp-json\/wp\/v2\/posts\/18103","targetHints":{"allow":["GET"]}}],"collection":[{"href":"https:\/\/elrotativo.com.mx\/portal\/wp-json\/wp\/v2\/posts"}],"about":[{"href":"https:\/\/elrotativo.com.mx\/portal\/wp-json\/wp\/v2\/types\/post"}],"author":[{"embeddable":true,"href":"https:\/\/elrotativo.com.mx\/portal\/wp-json\/wp\/v2\/users\/1"}],"replies":[{"embeddable":true,"href":"https:\/\/elrotativo.com.mx\/portal\/wp-json\/wp\/v2\/comments?post=18103"}],"version-history":[{"count":1,"href":"https:\/\/elrotativo.com.mx\/portal\/wp-json\/wp\/v2\/posts\/18103\/revisions"}],"predecessor-version":[{"id":18113,"href":"https:\/\/elrotativo.com.mx\/portal\/wp-json\/wp\/v2\/posts\/18103\/revisions\/18113"}],"wp:featuredmedia":[{"embeddable":true,"href":"https:\/\/elrotativo.com.mx\/portal\/wp-json\/wp\/v2\/media\/18108"}],"wp:attachment":[{"href":"https:\/\/elrotativo.com.mx\/portal\/wp-json\/wp\/v2\/media?parent=18103"}],"wp:term":[{"taxonomy":"category","embeddable":true,"href":"https:\/\/elrotativo.com.mx\/portal\/wp-json\/wp\/v2\/categories?post=18103"},{"taxonomy":"post_tag","embeddable":true,"href":"https:\/\/elrotativo.com.mx\/portal\/wp-json\/wp\/v2\/tags?post=18103"}],"curies":[{"name":"wp","href":"https:\/\/api.w.org\/{rel}","templated":true}]}}