{"id":18092,"date":"2024-03-10T18:03:28","date_gmt":"2024-03-11T00:03:28","guid":{"rendered":"https:\/\/elrotativo.com.mx\/portal\/?p=18092"},"modified":"2024-03-10T18:03:29","modified_gmt":"2024-03-11T00:03:29","slug":"necesidades-culturales-han-sido-olvidades-en-zonas-donde-hay-indices-de-suicidio-en-ninos-y-jovenes","status":"publish","type":"post","link":"https:\/\/elrotativo.com.mx\/portal\/necesidades-culturales-han-sido-olvidades-en-zonas-donde-hay-indices-de-suicidio-en-ninos-y-jovenes\/","title":{"rendered":"Necesidades culturales han sido olvidades en zonas donde hay \u00edndices de suicidio en ni\u00f1os y j\u00f3venes"},"content":{"rendered":"\n<p class=\"wp-block-paragraph\"><strong>Falta de oportunidades los orilla a estas pr\u00e1cticas:\u00a0 representante del Centro Cultural Hispanoamericano de las Altas Monta\u00f1as M\u00e9xico-Burgos<\/strong><\/p>\n\n\n\n<p class=\"wp-block-paragraph\">Orizaba, Ver.- La falta de oportunidades que enfrentan algunos ni\u00f1os y adolescentes en municipios de las Altas Monta\u00f1as, los han orillado a recurrir a pr\u00e1cticas que los alejan de un correcto desarrollo, como son adicciones o incluso intentos de suicidio, lament\u00f3 la representante del Centro Cultural Hispanoamericano de las Altas Monta\u00f1as M\u00e9xico-Burgos, Lorena L\u00f3pez V\u00e1zquez.<\/p>\n\n\n\n<p class=\"wp-block-paragraph\">En entrevista detall\u00f3 que el estr\u00e9s, la inadecuaci\u00f3n social, desilusiones amorosas, falta de empleo, fallecimiento de seres queridos y depresi\u00f3n, son los principales factores que pueden desarrollar el suicidio, por lo que ante las aptitudes art\u00edsticas que muestran algunos se puede potenciar el desarrollo de estos jovencitos.<\/p>\n\n\n\n<p class=\"wp-block-paragraph\">Agreg\u00f3 que este sector ha sido abandonado por las autoridades. \u201cEst\u00e1n muy olvidado, lo que nos piden son instrumentos musicales y formar un grupo de danza porque hay muchos, muchos suicidios en esos lugares, en Ixhuatlancillo Ixtaczoquitl\u00e1n, Rafael delgado, todos esos lugares que hemos visitado en estos 23 a\u00f1os, hay mucha delincuencia muchos suicidios\u201d.<\/p>\n\n\n\n<p class=\"wp-block-paragraph\">Agreg\u00f3 que a trav\u00e9s de la organizaci\u00f3n que representa han trabajado en este tema, sin embargo, aun hay mucha tarea por hacer para que las jovencitas tambi\u00e9n tenga una expectativa m\u00e1s alta que el matrimonio a corta edad. \u201cLo que queremos ver que las ni\u00f1as no solamente piensen en buscar al primero que pasa por ah\u00ed, sino no tienen metas, no quieren estudiar, no as\u00ed los de Zongolica y Tequila veo que hay j\u00f3venes y ni\u00f1as que quieren ser m\u00e9dicos, maestros, pero desgraciadamente en Soledad Atzompa e Ixhuatlancillo nada m\u00e1s piensan en juntarse y ya\u201d.<\/p>\n\n\n\n<p class=\"wp-block-paragraph\">Reiter\u00f3 que es necesario buscar actividades de esparcimiento, pues en estas zonas existen muchos ni\u00f1os y j\u00f3venes con aptitudes art\u00edsticas y es ah\u00ed en donde se puede trabajar en la prevenci\u00f3n de los problemas en estas edades, por que no es \u00fanicamente el tema de alimento o necesidades econ\u00f3micas, sino tambi\u00e9n de actividades que les permitan desarrollarse como personas.<\/p>\n\n\n\n<p class=\"wp-block-paragraph\">\u201cYo veo que m\u00e1s que la necesidad, a veces de los alimentos y la econ\u00f3mica, yo creo que esos ni\u00f1os tienen much\u00edsimo talento y quieren, me piden, ahora que tuvimos el concurso en Tequila nos pidieron instrumentos musicales, yo creo que si llegamos con la cultura a todas esas comunidades tenemos unos hombres con otro estado y ni\u00f1os con otro estado de conciencia\u201d.<\/p>\n\n\n\n<p class=\"wp-block-paragraph\">Y es que, de acuerdo con el Bolet\u00edn Epidemiol\u00f3gico de la Secretar\u00eda de Salud del Gobierno Federal, al 8 de marzo de 2024, en Veracruz se han cometido 8 casos de lesi\u00f3n autoinfligida intencionalmente por ahorcamiento, estrangulamiento o sofocaci\u00f3n.<\/p>\n","protected":false},"excerpt":{"rendered":"<p>Falta de oportunidades los orilla a estas pr\u00e1cticas:\u00a0 representante del Centro Cultural Hispanoamericano de las Altas Monta\u00f1as M\u00e9xico-Burgos Orizaba, Ver.- La falta de oportunidades que enfrentan algunos ni\u00f1os y adolescentes en municipios de las Altas Monta\u00f1as, los han orillado a recurrir a pr\u00e1cticas que los alejan de un correcto desarrollo, como son adicciones o incluso [&hellip;]<\/p>\n","protected":false},"author":1,"featured_media":18097,"comment_status":"open","ping_status":"open","sticky":false,"template":"","format":"standard","meta":{"tdm_status":"","tdm_grid_status":"","footnotes":""},"categories":[26,10],"tags":[],"class_list":["post-18092","post","type-post","status-publish","format-standard","has-post-thumbnail","category-destacada-4","category-local-regional"],"_links":{"self":[{"href":"https:\/\/elrotativo.com.mx\/portal\/wp-json\/wp\/v2\/posts\/18092","targetHints":{"allow":["GET"]}}],"collection":[{"href":"https:\/\/elrotativo.com.mx\/portal\/wp-json\/wp\/v2\/posts"}],"about":[{"href":"https:\/\/elrotativo.com.mx\/portal\/wp-json\/wp\/v2\/types\/post"}],"author":[{"embeddable":true,"href":"https:\/\/elrotativo.com.mx\/portal\/wp-json\/wp\/v2\/users\/1"}],"replies":[{"embeddable":true,"href":"https:\/\/elrotativo.com.mx\/portal\/wp-json\/wp\/v2\/comments?post=18092"}],"version-history":[{"count":1,"href":"https:\/\/elrotativo.com.mx\/portal\/wp-json\/wp\/v2\/posts\/18092\/revisions"}],"predecessor-version":[{"id":18101,"href":"https:\/\/elrotativo.com.mx\/portal\/wp-json\/wp\/v2\/posts\/18092\/revisions\/18101"}],"wp:featuredmedia":[{"embeddable":true,"href":"https:\/\/elrotativo.com.mx\/portal\/wp-json\/wp\/v2\/media\/18097"}],"wp:attachment":[{"href":"https:\/\/elrotativo.com.mx\/portal\/wp-json\/wp\/v2\/media?parent=18092"}],"wp:term":[{"taxonomy":"category","embeddable":true,"href":"https:\/\/elrotativo.com.mx\/portal\/wp-json\/wp\/v2\/categories?post=18092"},{"taxonomy":"post_tag","embeddable":true,"href":"https:\/\/elrotativo.com.mx\/portal\/wp-json\/wp\/v2\/tags?post=18092"}],"curies":[{"name":"wp","href":"https:\/\/api.w.org\/{rel}","templated":true}]}}