{"id":18089,"date":"2024-03-10T17:58:38","date_gmt":"2024-03-10T23:58:38","guid":{"rendered":"https:\/\/elrotativo.com.mx\/portal\/?p=18089"},"modified":"2024-03-10T17:58:39","modified_gmt":"2024-03-10T23:58:39","slug":"con-grandes-oportunidades-creacion-de-secver","status":"publish","type":"post","link":"https:\/\/elrotativo.com.mx\/portal\/con-grandes-oportunidades-creacion-de-secver\/","title":{"rendered":"Con grandes oportunidades, creaci\u00f3n de Secver"},"content":{"rendered":"\n<p class=\"wp-block-paragraph\"><strong><em>Faltan detallar algunas pol\u00edticas para que Veracruz alcance el promedio de aportaci\u00f3n cultural al PIB: Carlos Villase\u00f1or<\/em><\/strong><\/p>\n\n\n\n<p class=\"wp-block-paragraph\">Orizaba, Ver.- Aunque la creaci\u00f3n de la Secretar\u00eda de Cultura de Veracruz (Secver) es la mejor noticia en esta \u00e1rea, a\u00fan falta pulirla pues a\u00fan tiene puntos que se deben incluir, consider\u00f3 el consultor internacional de Pol\u00edticas Culturales para el Desarrollo Sostenible Carlos Javier Villase\u00f1or Anaya.<\/p>\n\n\n\n<p class=\"wp-block-paragraph\">Entrevistado en su visita a la ciudad de Orizaba en donde participo en la tercera edici\u00f3n del Tercer Encuentro Ciudadanos por las Culturas Veracruzanas record\u00f3 que Veracruz se encuentra por debajo del promedio nacional de la aportaci\u00f3n de la cultura al Producto Interno Bruto (PIB), por lo cual se tiene una importante \u00e1rea de oportunidad para crecimiento.<\/p>\n\n\n\n<p class=\"wp-block-paragraph\">\u201cA partir de que se tenga un plan de desarrollo cultural se empezar\u00e1 a dar sentido a esto. Les pongo un ejemplo, el promedio nacional de la aportaci\u00f3n de la cultura al Producto Interno Bruto es 3.2, en el caso de Veracruz, estamos en el 2.8 por ciento, es decir, todav\u00eda tenemos una importante \u00e1rea de oportunidad para crecimiento y se localiza especialmente en el desarrollo de nuevas tecnolog\u00edas, en el desarrollo de aplicaciones, de edici\u00f3n digital, de dise\u00f1o digital\u201d.<\/p>\n\n\n\n<p class=\"wp-block-paragraph\">Explic\u00f3 que la Ley aprobada y oficializada mediante el Decreto n\u00famero 721 publicado en la Gaceta Oficial del Estado de Veracruz, mantiene ciertas fallas como el aspecto de las bibliotecas, el tema de las industrias culturales y la salvaguarda del patrimonio cultural inmaterial entre otros.<\/p>\n\n\n\n<p class=\"wp-block-paragraph\">\u201cTuvimos la excelente noticia de la creaci\u00f3n de la Secretar\u00eda de Cultura de Veracruz&nbsp; (Secver) y creo que esto es una institucionalizaci\u00f3n largamente ambicionada por parte del sector cultura, es una estructura que nace con la necesidad de definir las pol\u00edticas p\u00fablicas que ser\u00e1n operadas, vimos en el decreto de creaci\u00f3n ciertas fallas como por ejemplo el aspecto de bibliotecas, no est\u00e1 claramente establecido, creo que hace falta, por ejemplo, tambi\u00e9n mencionar con mayor amplitud y con mayor petici\u00f3n todo el tema de las industrias culturales, la salvaguarda del patrimonio cultural inmaterial, pero finalmente existe la estructura\u201d.<\/p>\n\n\n\n<p class=\"wp-block-paragraph\">Expuso que gestores culturales se reunieron en la ciudad de Xalapa para revisar este decreto y de esto se obtuvo que se tienen \u00e1reas de oportunidad, en la creaci\u00f3n del reglamento interior de la Secretar\u00eda, lo que permitir\u00e1 corregir algunos puntos, \u201cSon&nbsp; \u00e1reas de oportunidad que observamos, lo importante es que ya est\u00e1 la estructura, que es una estructura que garantiza que el titular de la Secretar\u00eda de Cultura estar\u00e1 en el gabinete, que tendr\u00e1 relaciones horizontales con sus hom\u00f3logos y en ese sentido ya es un gran avance\u201d.<\/p>\n","protected":false},"excerpt":{"rendered":"<p>Faltan detallar algunas pol\u00edticas para que Veracruz alcance el promedio de aportaci\u00f3n cultural al PIB: Carlos Villase\u00f1or Orizaba, Ver.- Aunque la creaci\u00f3n de la Secretar\u00eda de Cultura de Veracruz (Secver) es la mejor noticia en esta \u00e1rea, a\u00fan falta pulirla pues a\u00fan tiene puntos que se deben incluir, consider\u00f3 el consultor internacional de Pol\u00edticas Culturales [&hellip;]<\/p>\n","protected":false},"author":1,"featured_media":18093,"comment_status":"open","ping_status":"open","sticky":false,"template":"","format":"standard","meta":{"tdm_status":"","tdm_grid_status":"","footnotes":""},"categories":[26,10],"tags":[],"class_list":["post-18089","post","type-post","status-publish","format-standard","has-post-thumbnail","category-destacada-4","category-local-regional"],"_links":{"self":[{"href":"https:\/\/elrotativo.com.mx\/portal\/wp-json\/wp\/v2\/posts\/18089","targetHints":{"allow":["GET"]}}],"collection":[{"href":"https:\/\/elrotativo.com.mx\/portal\/wp-json\/wp\/v2\/posts"}],"about":[{"href":"https:\/\/elrotativo.com.mx\/portal\/wp-json\/wp\/v2\/types\/post"}],"author":[{"embeddable":true,"href":"https:\/\/elrotativo.com.mx\/portal\/wp-json\/wp\/v2\/users\/1"}],"replies":[{"embeddable":true,"href":"https:\/\/elrotativo.com.mx\/portal\/wp-json\/wp\/v2\/comments?post=18089"}],"version-history":[{"count":1,"href":"https:\/\/elrotativo.com.mx\/portal\/wp-json\/wp\/v2\/posts\/18089\/revisions"}],"predecessor-version":[{"id":18099,"href":"https:\/\/elrotativo.com.mx\/portal\/wp-json\/wp\/v2\/posts\/18089\/revisions\/18099"}],"wp:featuredmedia":[{"embeddable":true,"href":"https:\/\/elrotativo.com.mx\/portal\/wp-json\/wp\/v2\/media\/18093"}],"wp:attachment":[{"href":"https:\/\/elrotativo.com.mx\/portal\/wp-json\/wp\/v2\/media?parent=18089"}],"wp:term":[{"taxonomy":"category","embeddable":true,"href":"https:\/\/elrotativo.com.mx\/portal\/wp-json\/wp\/v2\/categories?post=18089"},{"taxonomy":"post_tag","embeddable":true,"href":"https:\/\/elrotativo.com.mx\/portal\/wp-json\/wp\/v2\/tags?post=18089"}],"curies":[{"name":"wp","href":"https:\/\/api.w.org\/{rel}","templated":true}]}}