{"id":18079,"date":"2024-03-08T16:04:18","date_gmt":"2024-03-08T22:04:18","guid":{"rendered":"https:\/\/elrotativo.com.mx\/portal\/?p=18079"},"modified":"2024-03-08T16:04:19","modified_gmt":"2024-03-08T22:04:19","slug":"especial","status":"publish","type":"post","link":"https:\/\/elrotativo.com.mx\/portal\/especial\/","title":{"rendered":"&#8211;Especial&#8212;"},"content":{"rendered":"\n<p class=\"wp-block-paragraph\">Contin\u00faa activo incendio en el Parque Nacional Pico de Orizaba<\/p>\n\n\n\n<p class=\"wp-block-paragraph\">Atzitzintla,&nbsp; Pue.- Por sexto d\u00eda consecutivo se mantiene activo el incendio forestal de la zona \u201cDel Encuentro\u201d y \u201cAgua de la Virgen\u201d del volc\u00e1n Pico de Orizaba, dejando devastadas \u00e1reas reci\u00e9n reforestadas, lo cual es muy lamentable, considero el&nbsp; integrante del Socorro Alpino Gabriel G\u00f3mez Rosete.<\/p>\n\n\n\n<p class=\"wp-block-paragraph\">Entrevistado a 4 metros sobre el nivel del mar, el tambi\u00e9n ambientalista explic\u00f3 que en esta zona nace el ca\u00f1\u00f3n de La Carbonera, por lo cual es relevante cuidar la flora para tener una buena captaci\u00f3n de humedad.<\/p>\n\n\n\n<p class=\"wp-block-paragraph\">Lament\u00f3 que este fuego haya sido iniciado por unos excursionistas en&nbsp; la zona del Valle del Encuentro que es donde se ubica el refugio de vigilancia de los guardaparques de la Conanp, a pesar de la recomendaci\u00f3n de no usar fuego ni realizar fogatas, pues muchas veces no son apagadas adecuadamente y las chispas vuelan con el aire, lo que sucedi\u00f3 en esta ocasi\u00f3n y que origin\u00f3 incendios en dos partes de esta zona.<\/p>\n\n\n\n<p class=\"wp-block-paragraph\">Durante el recorrido por parte de los medios de comunicaci\u00f3n,&nbsp; se pueden observar \u00e1reas completamente devastadas, mismas que durante el 2023 fueron reforestadas y cuyos \u00e1rboles reci\u00e9n alcanzan los 70 cent\u00edmetros pero al ser alcanzados por el fuego se tiene el riesgo de perder esta reforestaci\u00f3n.<\/p>\n\n\n\n<p class=\"wp-block-paragraph\">Detall\u00f3 que gracias a las brechas cortafuegos se pudo controlar el fuego, sin embargo al no ser combatido en su totalidad las condiciones de aire y calor lo avivan, por lo cual se debe tener un monitoreo para evitar se extienda a otra zonas a trav\u00e9s del aire.<\/p>\n\n\n\n<p class=\"wp-block-paragraph\">Record\u00f3 que los visitantes y excursionistas que ingresa&nbsp; al Parque Nacional Pico de Orizaba, deben pagar a la Conoanp el brazalete que tiene un precio de 58 pesos, recurso que es destinado para el pago de los jornaleros que se encargan de hacer las brechas cortafuegos preventivas en el volc\u00e1n.<\/p>\n\n\n\n<p class=\"wp-block-paragraph\">De igual forma, hizo el llamado a los visitantes a respetar los \u00e1rboles j\u00f3venes pues tambi\u00e9n se observa que muchos de ellos est\u00e1n cortados para esa madera utilizarla en las fogatas, da\u00f1ando las reforestaciones de cinco a\u00f1os a la fecha&nbsp; y pone en riesgo el \u00e9xito de las plantaciones de \u00e1rboles end\u00e9micos de este lugar.<\/p>\n\n\n\n<p class=\"wp-block-paragraph\">Es de mencionar que durante el recorrido de esta casa editorial al Parque Nacional Pico de Orizaba,&nbsp; se pudo observar grandes \u00e1reas que fueron arrasados por el fuego de lo \u00faltimos d\u00edas, pero tambi\u00e9n al menos seis fogatas que dejaron campistas y un promedio de 17 pinos j\u00f3venes vandalizados en sus cortezas para extraer material de combusti\u00f3n, pero tambi\u00e9n en al menos una hora el fuego se increment\u00f3 considerablemente en las zonas donde hab\u00eda chispas debido a las condiciones del aire.<\/p>\n","protected":false},"excerpt":{"rendered":"<p>Contin\u00faa activo incendio en el Parque Nacional Pico de Orizaba Atzitzintla,&nbsp; Pue.- Por sexto d\u00eda consecutivo se mantiene activo el incendio forestal de la zona \u201cDel Encuentro\u201d y \u201cAgua de la Virgen\u201d del volc\u00e1n Pico de Orizaba, dejando devastadas \u00e1reas reci\u00e9n reforestadas, lo cual es muy lamentable, considero el&nbsp; integrante del Socorro Alpino Gabriel G\u00f3mez [&hellip;]<\/p>\n","protected":false},"author":1,"featured_media":18085,"comment_status":"open","ping_status":"open","sticky":false,"template":"","format":"standard","meta":{"tdm_status":"","tdm_grid_status":"","footnotes":""},"categories":[26,10],"tags":[],"class_list":["post-18079","post","type-post","status-publish","format-standard","has-post-thumbnail","category-destacada-4","category-local-regional"],"_links":{"self":[{"href":"https:\/\/elrotativo.com.mx\/portal\/wp-json\/wp\/v2\/posts\/18079","targetHints":{"allow":["GET"]}}],"collection":[{"href":"https:\/\/elrotativo.com.mx\/portal\/wp-json\/wp\/v2\/posts"}],"about":[{"href":"https:\/\/elrotativo.com.mx\/portal\/wp-json\/wp\/v2\/types\/post"}],"author":[{"embeddable":true,"href":"https:\/\/elrotativo.com.mx\/portal\/wp-json\/wp\/v2\/users\/1"}],"replies":[{"embeddable":true,"href":"https:\/\/elrotativo.com.mx\/portal\/wp-json\/wp\/v2\/comments?post=18079"}],"version-history":[{"count":1,"href":"https:\/\/elrotativo.com.mx\/portal\/wp-json\/wp\/v2\/posts\/18079\/revisions"}],"predecessor-version":[{"id":18086,"href":"https:\/\/elrotativo.com.mx\/portal\/wp-json\/wp\/v2\/posts\/18079\/revisions\/18086"}],"wp:featuredmedia":[{"embeddable":true,"href":"https:\/\/elrotativo.com.mx\/portal\/wp-json\/wp\/v2\/media\/18085"}],"wp:attachment":[{"href":"https:\/\/elrotativo.com.mx\/portal\/wp-json\/wp\/v2\/media?parent=18079"}],"wp:term":[{"taxonomy":"category","embeddable":true,"href":"https:\/\/elrotativo.com.mx\/portal\/wp-json\/wp\/v2\/categories?post=18079"},{"taxonomy":"post_tag","embeddable":true,"href":"https:\/\/elrotativo.com.mx\/portal\/wp-json\/wp\/v2\/tags?post=18079"}],"curies":[{"name":"wp","href":"https:\/\/api.w.org\/{rel}","templated":true}]}}