{"id":18078,"date":"2024-03-08T16:02:40","date_gmt":"2024-03-08T22:02:40","guid":{"rendered":"https:\/\/elrotativo.com.mx\/portal\/?p=18078"},"modified":"2024-03-08T16:02:40","modified_gmt":"2024-03-08T22:02:40","slug":"se-manifiestan-en-fiscalia-de-orizaba-para-exigir-justicia-por-feminicidios","status":"publish","type":"post","link":"https:\/\/elrotativo.com.mx\/portal\/se-manifiestan-en-fiscalia-de-orizaba-para-exigir-justicia-por-feminicidios\/","title":{"rendered":"Se manifiestan en Fiscal\u00eda de Orizaba para exigir justicia por feminicidios"},"content":{"rendered":"\n<p class=\"wp-block-paragraph\">Orizaba, Ver.- Integrantes del Colectivo Feminista Marea Verde Altas Monta\u00f1as se inconformaron esta ma\u00f1ana en el Centro Integral de Justicia de Orizaba para exigir un alto al n\u00famero de feminicidios en el estado.<\/p>\n\n\n\n<p class=\"wp-block-paragraph\">Alrededor de las 10:00 horas de este mi\u00e9rcoles 8 de marzo, en el marco de la conmemoraci\u00f3n del D\u00eda Internacional de la Mujer se apostaron en el exterior de la Fiscalia Regional, para colocar cartulinas y un planton con cruces rosas y los nombres de las mujeres asesinadas en Veracruz.<\/p>\n\n\n\n<p class=\"wp-block-paragraph\">Expusieron que las instituciones han quedado mucho a deber a las mujeres en Veracruz, pues son v\u00edctimas por parte de la Fiscal\u00eda que se niegan a recibir denuncias de mujeres violentadas, la situaci\u00f3n no cambia pues cuando alguna alza la voz es estigmatizada.<\/p>\n","protected":false},"excerpt":{"rendered":"<p>Orizaba, Ver.- Integrantes del Colectivo Feminista Marea Verde Altas Monta\u00f1as se inconformaron esta ma\u00f1ana en el Centro Integral de Justicia de Orizaba para exigir un alto al n\u00famero de feminicidios en el estado. Alrededor de las 10:00 horas de este mi\u00e9rcoles 8 de marzo, en el marco de la conmemoraci\u00f3n del D\u00eda Internacional de la [&hellip;]<\/p>\n","protected":false},"author":1,"featured_media":18083,"comment_status":"open","ping_status":"open","sticky":false,"template":"","format":"standard","meta":{"tdm_status":"","tdm_grid_status":"","footnotes":""},"categories":[26,10],"tags":[],"class_list":["post-18078","post","type-post","status-publish","format-standard","has-post-thumbnail","category-destacada-4","category-local-regional"],"_links":{"self":[{"href":"https:\/\/elrotativo.com.mx\/portal\/wp-json\/wp\/v2\/posts\/18078","targetHints":{"allow":["GET"]}}],"collection":[{"href":"https:\/\/elrotativo.com.mx\/portal\/wp-json\/wp\/v2\/posts"}],"about":[{"href":"https:\/\/elrotativo.com.mx\/portal\/wp-json\/wp\/v2\/types\/post"}],"author":[{"embeddable":true,"href":"https:\/\/elrotativo.com.mx\/portal\/wp-json\/wp\/v2\/users\/1"}],"replies":[{"embeddable":true,"href":"https:\/\/elrotativo.com.mx\/portal\/wp-json\/wp\/v2\/comments?post=18078"}],"version-history":[{"count":1,"href":"https:\/\/elrotativo.com.mx\/portal\/wp-json\/wp\/v2\/posts\/18078\/revisions"}],"predecessor-version":[{"id":18084,"href":"https:\/\/elrotativo.com.mx\/portal\/wp-json\/wp\/v2\/posts\/18078\/revisions\/18084"}],"wp:featuredmedia":[{"embeddable":true,"href":"https:\/\/elrotativo.com.mx\/portal\/wp-json\/wp\/v2\/media\/18083"}],"wp:attachment":[{"href":"https:\/\/elrotativo.com.mx\/portal\/wp-json\/wp\/v2\/media?parent=18078"}],"wp:term":[{"taxonomy":"category","embeddable":true,"href":"https:\/\/elrotativo.com.mx\/portal\/wp-json\/wp\/v2\/categories?post=18078"},{"taxonomy":"post_tag","embeddable":true,"href":"https:\/\/elrotativo.com.mx\/portal\/wp-json\/wp\/v2\/tags?post=18078"}],"curies":[{"name":"wp","href":"https:\/\/api.w.org\/{rel}","templated":true}]}}