{"id":18077,"date":"2024-03-08T16:00:45","date_gmt":"2024-03-08T22:00:45","guid":{"rendered":"https:\/\/elrotativo.com.mx\/portal\/?p=18077"},"modified":"2024-03-08T16:00:46","modified_gmt":"2024-03-08T22:00:46","slug":"en-el-marco-del-8m","status":"publish","type":"post","link":"https:\/\/elrotativo.com.mx\/portal\/en-el-marco-del-8m\/","title":{"rendered":"En el marco del 8M"},"content":{"rendered":"\n<p class=\"wp-block-paragraph\"><strong><em>Feministas renombrar calles en Orizaba<\/em><\/strong><\/p>\n\n\n\n<p class=\"wp-block-paragraph\">Orizaba, Ver.- En honor a la activista Digna Ochoa y Pl\u00e1cido,<\/p>\n\n\n\n<p class=\"wp-block-paragraph\">Durante las primeras horas de este 8 de marzo, integrantes de colectivos feministas de la regi\u00f3n, renombraron la calle Col\u00f3n y Madero de la ciudad de Orizaba, con los nombres de Lucrecia Toriz Ordaz y Gloria Arenas Agis.<\/p>\n\n\n\n<p class=\"wp-block-paragraph\">Reconocidas orizabe\u00f1as destacadas por su participaci\u00f3n en la defensa de los derechos de las mujeres.<\/p>\n\n\n\n<p class=\"wp-block-paragraph\">Esta actividad se realiza como parte de las actividades de este 8 de marzo D\u00eda Internacional de la Mujer.<\/p>\n\n\n\n<p class=\"wp-block-paragraph\">Lucrecia Toriz Ordaz&nbsp;fue una obrera y luchadora social&nbsp;mexicana&nbsp;nacida en la ciudad de&nbsp;Orizaba&nbsp;en 1867. A comienzos del siglo&nbsp;xx&nbsp;particip\u00f3 en los eventos previos y posteriores de la&nbsp;Huelga de R\u00edo Blanco&nbsp;de 1907, sucesos precursores de la&nbsp;Revoluci\u00f3n mexicana. Falleci\u00f3 en&nbsp;R\u00edo Blanco, Veracruz en 1962.<\/p>\n\n\n\n<p class=\"wp-block-paragraph\">Por su parte<\/p>\n\n\n\n<p class=\"wp-block-paragraph\">Gloria Arenas Agis&nbsp;(\u00abCoronela Aurora\u00bb) es una exguerrillera mexicana, fundadora del&nbsp;Ej\u00e9rcito Revolucionario del Pueblo Insurgente. Naci\u00f3 el 16 de mayo de 1959 en&nbsp;Orizaba,&nbsp;Veracruz, fue bisnieta, por la v\u00eda paterna, del general Ignacio de la Llave, exgobernador de Veracruz, nombrado Benem\u00e9rito del estado en 1863 y cuyo apellido se imprime a Veracruz-Llave. Por la v\u00eda materna, es descendiente de Silvestre Moreno Cora, gobernador provisional del estado de Veracruz a principios de siglo y ministro de la Suprema Corte de Justicia de la Naci\u00f3n.<\/p>\n\n\n\n<p class=\"wp-block-paragraph\">De acuerdo con la integrante del Colectivo Feminista Marea Verde Altas Monta\u00f1as, Luz Mar\u00eda Reyes Huerta, las mujeres de orizaba se unieron a la acci\u00f3n de renombrar las calles que de manera simult\u00e1nea inici\u00f3 en punto de las 01:00 horas de este mi\u00e9rcoles en las ciudades de Xalapa, Poza Rica, Veracruz, Boca del R\u00edo.<\/p>\n\n\n\n<p class=\"wp-block-paragraph\">Sobre esta acci\u00f3n las feministas dijeron que renombrar calles, tiene como prop\u00f3sito que se reconozca la aportaci\u00f3n y lucha de las defensores de los derechos humanos.<\/p>\n\n\n\n<p class=\"wp-block-paragraph\">Por ello dijeron la importancia de&nbsp;renombrar la calle principal de esta ciudad. \u201cSiempre debemos tener presente que no se mata la verdad matando a defensoras de derechos, ni periodistas\u201d.<\/p>\n\n\n\n<p class=\"wp-block-paragraph\">Aseguraron que con el renombramiento simb\u00f3lico de la calle principal de esta ciudad se busca que las mujeres no olviden la aportaci\u00f3n de Digna y esta permanezca en la memoria colectiva de M\u00e9xico.<\/p>\n","protected":false},"excerpt":{"rendered":"<p>Feministas renombrar calles en Orizaba Orizaba, Ver.- En honor a la activista Digna Ochoa y Pl\u00e1cido, Durante las primeras horas de este 8 de marzo, integrantes de colectivos feministas de la regi\u00f3n, renombraron la calle Col\u00f3n y Madero de la ciudad de Orizaba, con los nombres de Lucrecia Toriz Ordaz y Gloria Arenas Agis. Reconocidas [&hellip;]<\/p>\n","protected":false},"author":1,"featured_media":18081,"comment_status":"open","ping_status":"open","sticky":false,"template":"","format":"standard","meta":{"tdm_status":"","tdm_grid_status":"","footnotes":""},"categories":[26,10],"tags":[],"class_list":["post-18077","post","type-post","status-publish","format-standard","has-post-thumbnail","category-destacada-4","category-local-regional"],"_links":{"self":[{"href":"https:\/\/elrotativo.com.mx\/portal\/wp-json\/wp\/v2\/posts\/18077","targetHints":{"allow":["GET"]}}],"collection":[{"href":"https:\/\/elrotativo.com.mx\/portal\/wp-json\/wp\/v2\/posts"}],"about":[{"href":"https:\/\/elrotativo.com.mx\/portal\/wp-json\/wp\/v2\/types\/post"}],"author":[{"embeddable":true,"href":"https:\/\/elrotativo.com.mx\/portal\/wp-json\/wp\/v2\/users\/1"}],"replies":[{"embeddable":true,"href":"https:\/\/elrotativo.com.mx\/portal\/wp-json\/wp\/v2\/comments?post=18077"}],"version-history":[{"count":1,"href":"https:\/\/elrotativo.com.mx\/portal\/wp-json\/wp\/v2\/posts\/18077\/revisions"}],"predecessor-version":[{"id":18082,"href":"https:\/\/elrotativo.com.mx\/portal\/wp-json\/wp\/v2\/posts\/18077\/revisions\/18082"}],"wp:featuredmedia":[{"embeddable":true,"href":"https:\/\/elrotativo.com.mx\/portal\/wp-json\/wp\/v2\/media\/18081"}],"wp:attachment":[{"href":"https:\/\/elrotativo.com.mx\/portal\/wp-json\/wp\/v2\/media?parent=18077"}],"wp:term":[{"taxonomy":"category","embeddable":true,"href":"https:\/\/elrotativo.com.mx\/portal\/wp-json\/wp\/v2\/categories?post=18077"},{"taxonomy":"post_tag","embeddable":true,"href":"https:\/\/elrotativo.com.mx\/portal\/wp-json\/wp\/v2\/tags?post=18077"}],"curies":[{"name":"wp","href":"https:\/\/api.w.org\/{rel}","templated":true}]}}