{"id":18068,"date":"2024-03-08T01:21:14","date_gmt":"2024-03-08T07:21:14","guid":{"rendered":"https:\/\/elrotativo.com.mx\/portal\/?p=18068"},"modified":"2024-03-08T01:21:15","modified_gmt":"2024-03-08T07:21:15","slug":"lamentable-que-gobernador-se-siente-juez-fiscal-procurador-e-incluso-integrante-del-ine-ac","status":"publish","type":"post","link":"https:\/\/elrotativo.com.mx\/portal\/lamentable-que-gobernador-se-siente-juez-fiscal-procurador-e-incluso-integrante-del-ine-ac\/","title":{"rendered":"Lamentable que Gobernador se siente Juez, Fiscal, procurador e incluso integrante del INE: AC"},"content":{"rendered":"\n<p class=\"wp-block-paragraph\">Orizaba, Ver.- De manera lamentable, mientras el gobernador Cuitl\u00e1huac Garc\u00eda Jim\u00e9nez se asume como juez, fiscal, procurador y consejero del INE esta dejando de laso el escuchar al pueblo que representa, lo que est\u00e1 llevando a Veracruz a niveles \u00abcatastr\u00f3ficos\u00bb, se\u00f1al\u00f3 el abogado Mario Arturo M\u00e9ndez, presidente de la asociaci\u00f3n civil Proyecta de tu Mano.<\/p>\n\n\n\n<p class=\"wp-block-paragraph\">Cuestionado sobre la postura del mandatario de no respetar la determinaci\u00f3n del Tribunal Electoral del Poder Judicial de la Federaci\u00f3n (TEPJF) que se\u00f1ala que las personas que se encuentran en prisi\u00f3n y no han sido sentenciadas tienen derecho a votar ya que se encuentran amparadas por el principio de presunci\u00f3n de inocencia, es un tema de ignorancia de la ley.<\/p>\n\n\n\n<p class=\"wp-block-paragraph\">\u201cHoy estamos en un problema terrible, tenemos a un gobernador que siente que es juez, que es fiscal, que es procurador, que es al inclusive hasta consejero del INE, y lamentablemente no es la persona facultada para emitir una, ni siquiera una opini\u00f3n, en el caso de que la persona no este sentenciada, es tratado como inocente hasta que se muerde lo contrario. Mientras de eso no te pueden coartar los derechos y menos los derechos a ser votado o a votar como es el derecho electoral\u201d.<\/p>\n\n\n\n<p class=\"wp-block-paragraph\">El abogado destac\u00f3 que no es malo ser ignorante, pues no se puede saber de todas las \u00e1reas, pero es lamentable que no se escuche al pueblo. \u201cEs lamentable, que tengamos un representante, un gobernador que no escucha el pueblo, eso es lamentable, porque yo creo que la ignorancia a todos yo mismo me declaro un ser ignorante en ciertas \u00e1reas, la medicina, por ejemplo, pero es lamentable que no escuchemos esos d\u00edas muy, muy lamentable\u201d.<\/p>\n\n\n\n<p class=\"wp-block-paragraph\">Finalmente dijo que m\u00e1s all\u00e1 de ser aut\u00f3nomos o tener libertad de jurisdicci\u00f3n, las autoridades se ven t\u00edteres que replican una conducta que s\u00f3lo afecta a la sociedad m\u00e1s vulnerable, pues con tristeza se observa que las instituciones de servicio est\u00e9n entorpecidas por \u00f3rdenes que reciben desde el inicio de la administraci\u00f3n, pues desde la fiscal\u00eda varias personas son vinculadas a proceso para sumar a las estad\u00edsticas, y no para hacer la respectiva investigaci\u00f3n.<\/p>\n","protected":false},"excerpt":{"rendered":"<p>Orizaba, Ver.- De manera lamentable, mientras el gobernador Cuitl\u00e1huac Garc\u00eda Jim\u00e9nez se asume como juez, fiscal, procurador y consejero del INE esta dejando de laso el escuchar al pueblo que representa, lo que est\u00e1 llevando a Veracruz a niveles \u00abcatastr\u00f3ficos\u00bb, se\u00f1al\u00f3 el abogado Mario Arturo M\u00e9ndez, presidente de la asociaci\u00f3n civil Proyecta de tu Mano. [&hellip;]<\/p>\n","protected":false},"author":1,"featured_media":18073,"comment_status":"open","ping_status":"open","sticky":false,"template":"","format":"standard","meta":{"tdm_status":"","tdm_grid_status":"","footnotes":""},"categories":[26,10],"tags":[],"class_list":["post-18068","post","type-post","status-publish","format-standard","has-post-thumbnail","category-destacada-4","category-local-regional"],"_links":{"self":[{"href":"https:\/\/elrotativo.com.mx\/portal\/wp-json\/wp\/v2\/posts\/18068","targetHints":{"allow":["GET"]}}],"collection":[{"href":"https:\/\/elrotativo.com.mx\/portal\/wp-json\/wp\/v2\/posts"}],"about":[{"href":"https:\/\/elrotativo.com.mx\/portal\/wp-json\/wp\/v2\/types\/post"}],"author":[{"embeddable":true,"href":"https:\/\/elrotativo.com.mx\/portal\/wp-json\/wp\/v2\/users\/1"}],"replies":[{"embeddable":true,"href":"https:\/\/elrotativo.com.mx\/portal\/wp-json\/wp\/v2\/comments?post=18068"}],"version-history":[{"count":1,"href":"https:\/\/elrotativo.com.mx\/portal\/wp-json\/wp\/v2\/posts\/18068\/revisions"}],"predecessor-version":[{"id":18075,"href":"https:\/\/elrotativo.com.mx\/portal\/wp-json\/wp\/v2\/posts\/18068\/revisions\/18075"}],"wp:featuredmedia":[{"embeddable":true,"href":"https:\/\/elrotativo.com.mx\/portal\/wp-json\/wp\/v2\/media\/18073"}],"wp:attachment":[{"href":"https:\/\/elrotativo.com.mx\/portal\/wp-json\/wp\/v2\/media?parent=18068"}],"wp:term":[{"taxonomy":"category","embeddable":true,"href":"https:\/\/elrotativo.com.mx\/portal\/wp-json\/wp\/v2\/categories?post=18068"},{"taxonomy":"post_tag","embeddable":true,"href":"https:\/\/elrotativo.com.mx\/portal\/wp-json\/wp\/v2\/tags?post=18068"}],"curies":[{"name":"wp","href":"https:\/\/api.w.org\/{rel}","templated":true}]}}