{"id":18053,"date":"2024-03-06T20:17:55","date_gmt":"2024-03-07T02:17:55","guid":{"rendered":"https:\/\/elrotativo.com.mx\/portal\/?p=18053"},"modified":"2024-03-06T20:17:55","modified_gmt":"2024-03-07T02:17:55","slug":"sin-agua-para-lo-mas-esencial-en-ixtaczoquitlan","status":"publish","type":"post","link":"https:\/\/elrotativo.com.mx\/portal\/sin-agua-para-lo-mas-esencial-en-ixtaczoquitlan\/","title":{"rendered":"Sin agua para lo m\u00e1s esencial en Ixtaczoquitl\u00e1n"},"content":{"rendered":"\n<p class=\"wp-block-paragraph\"><strong><em>Escuelas suspenden clases en Nexca por este problema<\/em><\/strong><\/p>\n\n\n\n<p class=\"wp-block-paragraph\">Ixtaczoquitl\u00e1n, Ver.- Cansados de la falta de soluci\u00f3n al problema de abasto de agua que padecen desde que inici\u00f3 la administraci\u00f3n municipal, pobladores de colonias y comunidades de Ixtaczoquitl\u00e1n han convertido en el \u201cpan diario\u201d las manifestaciones y plantones en este, uno de los municipios mas grandes de la zona.<\/p>\n\n\n\n<p class=\"wp-block-paragraph\">Tras las protestas del martes pasado por parte de pobladores de 5 colonias, la ma\u00f1ana del mi\u00e9rcoles se presentaron en el palacio municipal, pobladores de Nexca y la colonia centro, en donde el agudo problema de agua ya esta dejando incluso situaciones de salud en las familias, por la falta de aseo pues los primeros aseguraron son m\u00e1s de 7 meses que no reciben agua y se abastecen de la lluvia, sin embargo, en las \u00faltimas semanas no ha llovido.<\/p>\n\n\n\n<p class=\"wp-block-paragraph\">Detallaron que en esta comunidad son m\u00e1s de 350 familias las que por 7 meses no tienen una gota de agua en sus llaves lo que ha ocasionado que en algunas ocasiones se tengan que suspender clases en el jard\u00edn de ni\u00f1os y la primaria, pues no se tiene para el aseo de ba\u00f1os, salones o para lo b\u00e1sico.<\/p>\n\n\n\n<p class=\"wp-block-paragraph\">Los habitantes se dijeron cansados de esta situaci\u00f3n por lo que en al menos tres ocasiones en el \u00faltimo a\u00f1o han acudido a la presidencia municipal para solicitar una soluci\u00f3n.<\/p>\n\n\n\n<p class=\"wp-block-paragraph\">Al entrevistarse con el director de Obras Publicas Vladimir Soriano, este justific\u00f3 la falta del vital l\u00edquido culpando a la alcaldesa de Naranjal, Aleida Tepepa, de no permitir que los pobladores de Nexca Ixtaczoquitl\u00e1n se abastezcan del tanque de agua construido por administraciones anteriores bajo el convenio de uso para esta poblaci\u00f3n y la de Nexca Naranjal. \u00abEl tanque que tenemos, el municipio vecino nos lo secuestr\u00f3. De lado de Ixtaczoquitl\u00e1n se construy\u00f3 un tanque de captaci\u00f3n, pero aprovechamos agua de Naranjal. En administraciones anteriores fue un acuerdo de palabra entre presidentes que uno constru\u00eda el tanque y el otro distribu\u00eda el agua y los dos aprovechaban, que fuera un ganar, ganar. Pero despu\u00e9s cortaron el agua y cuando recibimos administraci\u00f3n fui a buscar a la presidenta, y dijo que s\u00ed, pero que estaba en p\u00e9simas condiciones el tanque. Pero cuando lleg\u00f3 el tiempo ya no se pudo, pero estamos en el tema legal\u201d.<\/p>\n\n\n\n<p class=\"wp-block-paragraph\">Por su parte pobladores de la cabecera municipal dijeron tambi\u00e9n est\u00e1n padeciendo este problema. \u00abDesde que lleg\u00f3 este gobierno nosotros dejamos de tener agua en la cabecera municipal, el alcalde nunca nos escucha, no da la cara, tiene 6 meses que queremos hablar con \u00e9l y nada\u00bb, dijo un ama de casa<\/p>\n\n\n\n<p class=\"wp-block-paragraph\">Lamentaron que nadie respete el rol de abasto que ofrecen las 4 pipas del ayuntamiento pues no lo cubren como lo marcan y en ocasiones solicitan los choferes una gratificaci\u00f3n a los vecinos, lo cual consideran injusto. Ante ello, los habitantes de la zona serrana de este municipio, han externado que al estar cansados de la falta de agua para lo m\u00e1s esencial, no descartan bajar a la cabecera e iniciar una manifestaci\u00f3n a fin de que se les dote de este y otros servicios b\u00e1sicos de los que carecen.<\/p>\n","protected":false},"excerpt":{"rendered":"<p>Escuelas suspenden clases en Nexca por este problema Ixtaczoquitl\u00e1n, Ver.- Cansados de la falta de soluci\u00f3n al problema de abasto de agua que padecen desde que inici\u00f3 la administraci\u00f3n municipal, pobladores de colonias y comunidades de Ixtaczoquitl\u00e1n han convertido en el \u201cpan diario\u201d las manifestaciones y plantones en este, uno de los municipios mas grandes [&hellip;]<\/p>\n","protected":false},"author":1,"featured_media":18057,"comment_status":"open","ping_status":"open","sticky":false,"template":"","format":"standard","meta":{"tdm_status":"","tdm_grid_status":"","footnotes":""},"categories":[26,10],"tags":[],"class_list":["post-18053","post","type-post","status-publish","format-standard","has-post-thumbnail","category-destacada-4","category-local-regional"],"_links":{"self":[{"href":"https:\/\/elrotativo.com.mx\/portal\/wp-json\/wp\/v2\/posts\/18053","targetHints":{"allow":["GET"]}}],"collection":[{"href":"https:\/\/elrotativo.com.mx\/portal\/wp-json\/wp\/v2\/posts"}],"about":[{"href":"https:\/\/elrotativo.com.mx\/portal\/wp-json\/wp\/v2\/types\/post"}],"author":[{"embeddable":true,"href":"https:\/\/elrotativo.com.mx\/portal\/wp-json\/wp\/v2\/users\/1"}],"replies":[{"embeddable":true,"href":"https:\/\/elrotativo.com.mx\/portal\/wp-json\/wp\/v2\/comments?post=18053"}],"version-history":[{"count":1,"href":"https:\/\/elrotativo.com.mx\/portal\/wp-json\/wp\/v2\/posts\/18053\/revisions"}],"predecessor-version":[{"id":18060,"href":"https:\/\/elrotativo.com.mx\/portal\/wp-json\/wp\/v2\/posts\/18053\/revisions\/18060"}],"wp:featuredmedia":[{"embeddable":true,"href":"https:\/\/elrotativo.com.mx\/portal\/wp-json\/wp\/v2\/media\/18057"}],"wp:attachment":[{"href":"https:\/\/elrotativo.com.mx\/portal\/wp-json\/wp\/v2\/media?parent=18053"}],"wp:term":[{"taxonomy":"category","embeddable":true,"href":"https:\/\/elrotativo.com.mx\/portal\/wp-json\/wp\/v2\/categories?post=18053"},{"taxonomy":"post_tag","embeddable":true,"href":"https:\/\/elrotativo.com.mx\/portal\/wp-json\/wp\/v2\/tags?post=18053"}],"curies":[{"name":"wp","href":"https:\/\/api.w.org\/{rel}","templated":true}]}}