{"id":18031,"date":"2024-03-05T16:48:10","date_gmt":"2024-03-05T22:48:10","guid":{"rendered":"https:\/\/elrotativo.com.mx\/portal\/?p=18031"},"modified":"2024-03-05T16:48:11","modified_gmt":"2024-03-05T22:48:11","slug":"tres-muertos-y-cinco-heridos-en-ataque-armado-a-corralon-del-ingenio-la-providencia","status":"publish","type":"post","link":"https:\/\/elrotativo.com.mx\/portal\/tres-muertos-y-cinco-heridos-en-ataque-armado-a-corralon-del-ingenio-la-providencia\/","title":{"rendered":"Tres muertos y cinco heridos en ataque armado a corral\u00f3n del ingenio La Providencia"},"content":{"rendered":"\n<p class=\"wp-block-paragraph\">Cuichapa, Ver.- Al menos tres personas muertas y cinco m\u00e1s lesionados, es el saldo que dej\u00f3 el ataque armado que se registr\u00f3 en el corral\u00f3n del ingenio La Providencia, este martes, por lo cual se activ\u00f3 un C\u00f3digo Rojo.<\/p>\n\n\n\n<p class=\"wp-block-paragraph\">De acuerdo con los reportes, sujetos armados abordo de camionetas, arribaron a este lugar en donde dispararon contra los presentes, huyendo del lugar con rumbo desconocido.<\/p>\n\n\n\n<p class=\"wp-block-paragraph\">Testigo de los hechos avisaron a las autoridades, por lo que una vez se pudo acceder, param\u00e9dicos de diversas corporaciones de auxilio atendiendo a los lesionados, quienes fueron trasladadas a diversos hospitales de la zona, bajo resguardo de fuerzas policiales.<\/p>\n\n\n\n<p class=\"wp-block-paragraph\">De inmediato al sitio arribaron elementos de la Secretar\u00eda de Marina, Seguridad P\u00fablica y Fuerza Civil, quienes activaron el operativo de C\u00f3digo rojo por v\u00eda a\u00e9rea y terrestre, en busca de los presuntos sicarios. Por su parte personal de la Fiscal\u00eda Regional y Peritos en Criminal\u00edstica, realizaron el trabajo de campo e iniciar las investigaciones ministeriales, para despu\u00e9s ordenar el traslado de los cuerpos al SEMEFO.<\/p>\n","protected":false},"excerpt":{"rendered":"<p>Cuichapa, Ver.- Al menos tres personas muertas y cinco m\u00e1s lesionados, es el saldo que dej\u00f3 el ataque armado que se registr\u00f3 en el corral\u00f3n del ingenio La Providencia, este martes, por lo cual se activ\u00f3 un C\u00f3digo Rojo. De acuerdo con los reportes, sujetos armados abordo de camionetas, arribaron a este lugar en donde [&hellip;]<\/p>\n","protected":false},"author":1,"featured_media":18036,"comment_status":"open","ping_status":"open","sticky":false,"template":"","format":"standard","meta":{"tdm_status":"","tdm_grid_status":"","footnotes":""},"categories":[25,10],"tags":[],"class_list":["post-18031","post","type-post","status-publish","format-standard","has-post-thumbnail","category-destacada-1","category-local-regional"],"_links":{"self":[{"href":"https:\/\/elrotativo.com.mx\/portal\/wp-json\/wp\/v2\/posts\/18031","targetHints":{"allow":["GET"]}}],"collection":[{"href":"https:\/\/elrotativo.com.mx\/portal\/wp-json\/wp\/v2\/posts"}],"about":[{"href":"https:\/\/elrotativo.com.mx\/portal\/wp-json\/wp\/v2\/types\/post"}],"author":[{"embeddable":true,"href":"https:\/\/elrotativo.com.mx\/portal\/wp-json\/wp\/v2\/users\/1"}],"replies":[{"embeddable":true,"href":"https:\/\/elrotativo.com.mx\/portal\/wp-json\/wp\/v2\/comments?post=18031"}],"version-history":[{"count":1,"href":"https:\/\/elrotativo.com.mx\/portal\/wp-json\/wp\/v2\/posts\/18031\/revisions"}],"predecessor-version":[{"id":18039,"href":"https:\/\/elrotativo.com.mx\/portal\/wp-json\/wp\/v2\/posts\/18031\/revisions\/18039"}],"wp:featuredmedia":[{"embeddable":true,"href":"https:\/\/elrotativo.com.mx\/portal\/wp-json\/wp\/v2\/media\/18036"}],"wp:attachment":[{"href":"https:\/\/elrotativo.com.mx\/portal\/wp-json\/wp\/v2\/media?parent=18031"}],"wp:term":[{"taxonomy":"category","embeddable":true,"href":"https:\/\/elrotativo.com.mx\/portal\/wp-json\/wp\/v2\/categories?post=18031"},{"taxonomy":"post_tag","embeddable":true,"href":"https:\/\/elrotativo.com.mx\/portal\/wp-json\/wp\/v2\/tags?post=18031"}],"curies":[{"name":"wp","href":"https:\/\/api.w.org\/{rel}","templated":true}]}}