{"id":18019,"date":"2024-03-04T19:00:14","date_gmt":"2024-03-05T01:00:14","guid":{"rendered":"https:\/\/elrotativo.com.mx\/portal\/?p=18019"},"modified":"2024-03-04T19:00:14","modified_gmt":"2024-03-05T01:00:14","slug":"personal-docente-debe-estar-atento-a-casos-de-acoso-escolar-pues-este-ya-se-castiga-de-acuerdo-con-la-ley","status":"publish","type":"post","link":"https:\/\/elrotativo.com.mx\/portal\/personal-docente-debe-estar-atento-a-casos-de-acoso-escolar-pues-este-ya-se-castiga-de-acuerdo-con-la-ley\/","title":{"rendered":"Personal docente debe estar atento a casos de acoso escolar pues este ya se castiga de acuerdo con la ley"},"content":{"rendered":"\n<p class=\"wp-block-paragraph\"><strong><em>Desconocimiento de la ley no los exime de sus responsabilidades: SEV<\/em><\/strong><\/p>\n\n\n\n<p class=\"wp-block-paragraph\">Orizaba, Ver.- Luego del suicidio de una jovencita de 12 a\u00f1os, estudiante de una secundaria la cual presuntamente padec\u00eda acoso escolar, el delegado regional de la Secretaria de Educaci\u00f3n de Veracruz (SEV) en Orizaba \u00c1ngel Huerta Anzures, resalt\u00f3 la importancia de la denuncia ante la presencia de casos de este tipo, as\u00ed como la atenci\u00f3n de la activaci\u00f3n de los protocolos por parte del personal docente.<\/p>\n\n\n\n<p class=\"wp-block-paragraph\">En entrevista asegur\u00f3 que ya existen formalidades que se deben tomar cuando se detectan casos de bullying en algunas instituciones educativas, para lo cual es relevante que sea se\u00f1alado por parte de las victimas o los padres de familia, pero una vez detectado los docentes deben actuar conforme a la Ley pues ya hay castigos y el desconocimiento de esto no los exime de responsabilidades.<\/p>\n\n\n\n<p class=\"wp-block-paragraph\">Agreg\u00f3 que cuando se detectan casos de acoso escolar, dentro de las escuelas los directores que son la m\u00e1xima autoridad deben tomar cartas en el asunto para tener un contexto de lo ocurrido y poder activar los protocolos, los cuales consisten en avisar a los padres de familia o tutores, llevar una bit\u00e1cora de los hechos donde se tenga a los involucrados y de ello se hace un proceso de investigaci\u00f3n interno. \u00abPor eso es que hoy, con los docentes que se han capacitado, estemos en cada instituci\u00f3n bien informada porque el desconocimiento a la ley no nos exime de nuestra responsabilidad\u00bb.<\/p>\n\n\n\n<p class=\"wp-block-paragraph\">Record\u00f3 que, de acuerdo a las nuevas leyes y reglamentos, ya se tiene una responsabilidad jur\u00eddica ante la omisi\u00f3n en atenci\u00f3n a los casos por lo que hizo el llamado a los directivos y personal docente para que ante cualquier denuncia se activen los protocolos.<\/p>\n\n\n\n<p class=\"wp-block-paragraph\">\u201cHoy el desconocimiento a la ley no nos exime de nuestra responsabilidad, entonces eso es muy importante y es lo que hemos estado platicando con directores, directoras de cada uno de nuestros planteles. Es importante que los padres o los ni\u00f1os pongan su queja, una denuncia eso ya es con Fiscal\u00eda, aqu\u00ed con nosotros es una queja y nosotros recordarles que nosotros no sancionamos, nosotros hacemos una cuesti\u00f3n de investigaci\u00f3n y de seguimiento para no ser omisos en la cuesti\u00f3n de la situaci\u00f3n que se presente en la delegaci\u00f3n\u201d.<\/p>\n","protected":false},"excerpt":{"rendered":"<p>Desconocimiento de la ley no los exime de sus responsabilidades: SEV Orizaba, Ver.- Luego del suicidio de una jovencita de 12 a\u00f1os, estudiante de una secundaria la cual presuntamente padec\u00eda acoso escolar, el delegado regional de la Secretaria de Educaci\u00f3n de Veracruz (SEV) en Orizaba \u00c1ngel Huerta Anzures, resalt\u00f3 la importancia de la denuncia ante [&hellip;]<\/p>\n","protected":false},"author":1,"featured_media":18023,"comment_status":"open","ping_status":"open","sticky":false,"template":"","format":"standard","meta":{"tdm_status":"","tdm_grid_status":"","footnotes":""},"categories":[26,10],"tags":[],"class_list":["post-18019","post","type-post","status-publish","format-standard","has-post-thumbnail","category-destacada-4","category-local-regional"],"_links":{"self":[{"href":"https:\/\/elrotativo.com.mx\/portal\/wp-json\/wp\/v2\/posts\/18019","targetHints":{"allow":["GET"]}}],"collection":[{"href":"https:\/\/elrotativo.com.mx\/portal\/wp-json\/wp\/v2\/posts"}],"about":[{"href":"https:\/\/elrotativo.com.mx\/portal\/wp-json\/wp\/v2\/types\/post"}],"author":[{"embeddable":true,"href":"https:\/\/elrotativo.com.mx\/portal\/wp-json\/wp\/v2\/users\/1"}],"replies":[{"embeddable":true,"href":"https:\/\/elrotativo.com.mx\/portal\/wp-json\/wp\/v2\/comments?post=18019"}],"version-history":[{"count":1,"href":"https:\/\/elrotativo.com.mx\/portal\/wp-json\/wp\/v2\/posts\/18019\/revisions"}],"predecessor-version":[{"id":18027,"href":"https:\/\/elrotativo.com.mx\/portal\/wp-json\/wp\/v2\/posts\/18019\/revisions\/18027"}],"wp:featuredmedia":[{"embeddable":true,"href":"https:\/\/elrotativo.com.mx\/portal\/wp-json\/wp\/v2\/media\/18023"}],"wp:attachment":[{"href":"https:\/\/elrotativo.com.mx\/portal\/wp-json\/wp\/v2\/media?parent=18019"}],"wp:term":[{"taxonomy":"category","embeddable":true,"href":"https:\/\/elrotativo.com.mx\/portal\/wp-json\/wp\/v2\/categories?post=18019"},{"taxonomy":"post_tag","embeddable":true,"href":"https:\/\/elrotativo.com.mx\/portal\/wp-json\/wp\/v2\/tags?post=18019"}],"curies":[{"name":"wp","href":"https:\/\/api.w.org\/{rel}","templated":true}]}}