{"id":18007,"date":"2024-03-03T17:48:21","date_gmt":"2024-03-03T23:48:21","guid":{"rendered":"https:\/\/elrotativo.com.mx\/portal\/?p=18007"},"modified":"2024-03-03T17:48:22","modified_gmt":"2024-03-03T23:48:22","slug":"xochitlallis-en-ixtaczoquitlan-esta-perdiendo-la-esencia-cultural-pobladores","status":"publish","type":"post","link":"https:\/\/elrotativo.com.mx\/portal\/xochitlallis-en-ixtaczoquitlan-esta-perdiendo-la-esencia-cultural-pobladores\/","title":{"rendered":"Xochitlallis en Ixtaczoquitl\u00e1n esta perdiendo la esencia cultural: Pobladores"},"content":{"rendered":"\n<p class=\"wp-block-paragraph\">Ixtaczoquitl\u00e1n, Ver.- La celebraci\u00f3n de los Xochitlallis, ha perdido la esencia cultural y de rescate de las grutas, que se privilegiaba en un inicio lament\u00f3 el exalcalde de Ixtaczoquitl\u00e1n Claudio de los Santos Merino, quien fue el impulsar de retomar esta tradici\u00f3n prehisp\u00e1nica hace m\u00e1s de 20 a\u00f1os en las grutas de la Cruz y de Galicia de este municipio.<\/p>\n\n\n\n<p class=\"wp-block-paragraph\">En entrevista, el l\u00edder natural quien es nativo de la Cuesta del Mexicano reconoci\u00f3 que este evento se inici\u00f3 tanto para el rescate de este evento ancestral en las grutas con un enfoque cultural y durante varios a\u00f1os se le dio el impulso necesario para convertirlo en uno de los mas importantes de la zona centro, sin embargo, en la \u00faltima administraci\u00f3n esto se ha ido perdiendo.<\/p>\n\n\n\n<p class=\"wp-block-paragraph\">Record\u00f3 que en el a\u00f1o 2001 se realiz\u00f3 por primera vez de forma masiva este evento y la idea era darle el impulso de la tradici\u00f3n por lo cual el evento se realizaba \u00fanicamente el primer viernes de marzo, sin embargo, con el tiempo se volvi\u00f3 un tema social y de diversi\u00f3n.<\/p>\n\n\n\n<p class=\"wp-block-paragraph\">\u00abNo quisimos mezclar el misticismo por respeto a las distintas religiones que hay aqu\u00ed en el Valle de Tuxpango, entonces nuestros eventos eran m\u00e1s culturales, sobre todo haciendo \u00e9nfasis en c\u00f3mo se originan los Xochitlallis, que es una festividad prehisp\u00e1nica y que nuestros abuelos y bisabuelos llevaban a cabo principalmente en la gruta de la Cruz, por eso cuando llegamos al ayuntamiento nos dimos a la tarea de rescatar el evento y promover la parte baja de Ixtaczoquitl\u00e1n\u00bb.<\/p>\n\n\n\n<p class=\"wp-block-paragraph\">Detall\u00f3 que en el primer evento se tuvieron al menos unos 6 mil visitantes a este evento, pero en el 2004 se concluy\u00f3 con una cantidad superior a los 20 mil. \u201cNos dimos a la tarea de rescatar y hacer eventos, en ese caso culturales, promoviendo sobre todo la regi\u00f3n, la parte baja de Ixtaczoquitl\u00e1n en nuestros eventos, en el primer a\u00f1o, tuvimos visitantes alrededor de 6 mil personas y as\u00ed concluimos en el 2004 con una cantidad superior a los 20 mil visitantes en los eventos solamente del primer viernes de marzo\u201d. Lament\u00f3 que a 24 a\u00f1os de realizar estos eventos, se este dejando de lado el lado de los habitantes de la Cuesta del Mexicano, que es donde se ubican estas grutas en donde se realizaba de forma tradicional el ritual por parte de los pobladores, \u201clos eventos han venido hacia abajo, venia escuchando comentarios de nuestros mismos compa\u00f1eros de la localidad, que no ha habido una coordinaci\u00f3n entre la Comunidad y las autoridades que organizan el evento\u201d.<\/p>\n","protected":false},"excerpt":{"rendered":"<p>Ixtaczoquitl\u00e1n, Ver.- La celebraci\u00f3n de los Xochitlallis, ha perdido la esencia cultural y de rescate de las grutas, que se privilegiaba en un inicio lament\u00f3 el exalcalde de Ixtaczoquitl\u00e1n Claudio de los Santos Merino, quien fue el impulsar de retomar esta tradici\u00f3n prehisp\u00e1nica hace m\u00e1s de 20 a\u00f1os en las grutas de la Cruz y [&hellip;]<\/p>\n","protected":false},"author":1,"featured_media":18011,"comment_status":"open","ping_status":"open","sticky":false,"template":"","format":"standard","meta":{"tdm_status":"","tdm_grid_status":"","footnotes":""},"categories":[26,10],"tags":[],"class_list":["post-18007","post","type-post","status-publish","format-standard","has-post-thumbnail","category-destacada-4","category-local-regional"],"_links":{"self":[{"href":"https:\/\/elrotativo.com.mx\/portal\/wp-json\/wp\/v2\/posts\/18007","targetHints":{"allow":["GET"]}}],"collection":[{"href":"https:\/\/elrotativo.com.mx\/portal\/wp-json\/wp\/v2\/posts"}],"about":[{"href":"https:\/\/elrotativo.com.mx\/portal\/wp-json\/wp\/v2\/types\/post"}],"author":[{"embeddable":true,"href":"https:\/\/elrotativo.com.mx\/portal\/wp-json\/wp\/v2\/users\/1"}],"replies":[{"embeddable":true,"href":"https:\/\/elrotativo.com.mx\/portal\/wp-json\/wp\/v2\/comments?post=18007"}],"version-history":[{"count":1,"href":"https:\/\/elrotativo.com.mx\/portal\/wp-json\/wp\/v2\/posts\/18007\/revisions"}],"predecessor-version":[{"id":18016,"href":"https:\/\/elrotativo.com.mx\/portal\/wp-json\/wp\/v2\/posts\/18007\/revisions\/18016"}],"wp:featuredmedia":[{"embeddable":true,"href":"https:\/\/elrotativo.com.mx\/portal\/wp-json\/wp\/v2\/media\/18011"}],"wp:attachment":[{"href":"https:\/\/elrotativo.com.mx\/portal\/wp-json\/wp\/v2\/media?parent=18007"}],"wp:term":[{"taxonomy":"category","embeddable":true,"href":"https:\/\/elrotativo.com.mx\/portal\/wp-json\/wp\/v2\/categories?post=18007"},{"taxonomy":"post_tag","embeddable":true,"href":"https:\/\/elrotativo.com.mx\/portal\/wp-json\/wp\/v2\/tags?post=18007"}],"curies":[{"name":"wp","href":"https:\/\/api.w.org\/{rel}","templated":true}]}}