{"id":18005,"date":"2024-03-03T17:44:40","date_gmt":"2024-03-03T23:44:40","guid":{"rendered":"https:\/\/elrotativo.com.mx\/portal\/?p=18005"},"modified":"2024-03-03T17:44:41","modified_gmt":"2024-03-03T23:44:41","slug":"por-maltratos-en-guarderia-de-orizaba-aseguran-padres-denunciara-ante-fiscalia","status":"publish","type":"post","link":"https:\/\/elrotativo.com.mx\/portal\/por-maltratos-en-guarderia-de-orizaba-aseguran-padres-denunciara-ante-fiscalia\/","title":{"rendered":"Por maltratos en guarder\u00eda de Orizaba, aseguran padres denunciar\u00e1 ante Fiscal\u00eda"},"content":{"rendered":"\n<p class=\"wp-block-paragraph\">Orizaba, Ver.- Ante la Fiscal\u00eda podr\u00edan ser denunciadas un par de maestras de una guarder\u00eda ubicada en la calle de Sur 19 entre Oriente 12 y 14 de Orizaba, luego de que los menores denunciar\u00e1n que recib\u00edan maltrato infantil de parte de las docentes.<\/p>\n\n\n\n<p class=\"wp-block-paragraph\">Fueron padres de familia quienes, tras ser alertados por sus hijos, acudieron a la instituci\u00f3n para informar a la directora del plantel del presunto maltrato, llev\u00e1ndose a cabo una reuni\u00f3n en donde la auxiliar confirm\u00f3 la versi\u00f3n de los ni\u00f1os, ante lo cual se tomar\u00e1n las acciones necesarias.<\/p>\n\n\n\n<p class=\"wp-block-paragraph\">Tras corroborar el dicho de los menores, la directora se comprometi\u00f3 a destituir a la docente titular y su ayudante de la instituci\u00f3n, sin embargo, los padres de familia se\u00f1alaron que proceder\u00e1n legalmente pues los menores eran amarrados y golpeados con el peine.<\/p>\n\n\n\n<p class=\"wp-block-paragraph\">\u201cNuestros hijos nos hab\u00edan dicho que hab\u00eda maltrato ac\u00e1 en el en la escuela y tuvimos una reuni\u00f3n con los directivos de plantel, aunque no vino la titular, nada m\u00e1s la auxiliar y si nos confirm\u00f3 que s\u00ed, que s\u00ed hay maltrato infantil ante los ni\u00f1os, dicen que los amarran y que los pegan con el peine y les dan de manotazos\u201d. Finalmente expusieron que lograron buenos acuerdos con los directivos de la instituci\u00f3n, sin embargo, se tomar\u00e1n las acciones necesarias para que esta situaci\u00f3n no se vuelva a repetir y con ello sus hijos sufran, mientras tanto ser\u00e1 la psic\u00f3loga de la instituci\u00f3n quien estar\u00e1 frente al grupo. \u201cVamos a realizar una denuncia en la fiscal\u00eda por el tema de maltrato, en cuanto a las 2 maestras que ya se mencionaron, los directivos nos indicaron que la acci\u00f3n inmediata es destituirlas, separarlas del cargo y para cubrir el grupo las va a atender la psic\u00f3loga\u201d<\/p>\n","protected":false},"excerpt":{"rendered":"<p>Orizaba, Ver.- Ante la Fiscal\u00eda podr\u00edan ser denunciadas un par de maestras de una guarder\u00eda ubicada en la calle de Sur 19 entre Oriente 12 y 14 de Orizaba, luego de que los menores denunciar\u00e1n que recib\u00edan maltrato infantil de parte de las docentes. Fueron padres de familia quienes, tras ser alertados por sus hijos, [&hellip;]<\/p>\n","protected":false},"author":1,"featured_media":18009,"comment_status":"open","ping_status":"open","sticky":false,"template":"","format":"standard","meta":{"tdm_status":"","tdm_grid_status":"","footnotes":""},"categories":[26,10],"tags":[],"class_list":["post-18005","post","type-post","status-publish","format-standard","has-post-thumbnail","category-destacada-4","category-local-regional"],"_links":{"self":[{"href":"https:\/\/elrotativo.com.mx\/portal\/wp-json\/wp\/v2\/posts\/18005","targetHints":{"allow":["GET"]}}],"collection":[{"href":"https:\/\/elrotativo.com.mx\/portal\/wp-json\/wp\/v2\/posts"}],"about":[{"href":"https:\/\/elrotativo.com.mx\/portal\/wp-json\/wp\/v2\/types\/post"}],"author":[{"embeddable":true,"href":"https:\/\/elrotativo.com.mx\/portal\/wp-json\/wp\/v2\/users\/1"}],"replies":[{"embeddable":true,"href":"https:\/\/elrotativo.com.mx\/portal\/wp-json\/wp\/v2\/comments?post=18005"}],"version-history":[{"count":1,"href":"https:\/\/elrotativo.com.mx\/portal\/wp-json\/wp\/v2\/posts\/18005\/revisions"}],"predecessor-version":[{"id":18013,"href":"https:\/\/elrotativo.com.mx\/portal\/wp-json\/wp\/v2\/posts\/18005\/revisions\/18013"}],"wp:featuredmedia":[{"embeddable":true,"href":"https:\/\/elrotativo.com.mx\/portal\/wp-json\/wp\/v2\/media\/18009"}],"wp:attachment":[{"href":"https:\/\/elrotativo.com.mx\/portal\/wp-json\/wp\/v2\/media?parent=18005"}],"wp:term":[{"taxonomy":"category","embeddable":true,"href":"https:\/\/elrotativo.com.mx\/portal\/wp-json\/wp\/v2\/categories?post=18005"},{"taxonomy":"post_tag","embeddable":true,"href":"https:\/\/elrotativo.com.mx\/portal\/wp-json\/wp\/v2\/tags?post=18005"}],"curies":[{"name":"wp","href":"https:\/\/api.w.org\/{rel}","templated":true}]}}