{"id":17992,"date":"2024-02-29T20:21:26","date_gmt":"2024-03-01T02:21:26","guid":{"rendered":"https:\/\/elrotativo.com.mx\/portal\/?p=17992"},"modified":"2024-02-29T20:21:27","modified_gmt":"2024-03-01T02:21:27","slug":"se-manifiestan-pobladores-en-nogales-por-detencion-de-lider-natural-de-la-zona","status":"publish","type":"post","link":"https:\/\/elrotativo.com.mx\/portal\/se-manifiestan-pobladores-en-nogales-por-detencion-de-lider-natural-de-la-zona\/","title":{"rendered":"Se manifiestan pobladores en Nogales por detenci\u00f3n de l\u00edder natural de la zona"},"content":{"rendered":"\n<p class=\"wp-block-paragraph\">Nogales, Ver.- En demanda de la liberaci\u00f3n de su Jes\u00fas Rosas, habitantes de la colonia 30 de mayo se manifiestan en el palacio municipal de Nogales al medio d\u00eda de este jueves, luego de que fuera detenido por la ma\u00f1ana.<\/p>\n\n\n\n<p class=\"wp-block-paragraph\">De acuerdo con los inconformes, el se\u00f1or Rosas fue detenido injustamente por Polic\u00eda Ministeriales, aparentemente sin una orden de aprehensi\u00f3n, por lo que m\u00e1s de 100 ciudadanos provenientes de las localidades de El X\u00fachitl, La Rosa, El Encinar, Campanario de Nogales, as\u00ed como del municipio de Soledad Atzompa, entre otras localidades de estos municipios, se apostaron sobre el bulevar Ju\u00e1rez, afuera del palacio municipal y la Comandancia de nogales, bloqueando la circulaci\u00f3n.<\/p>\n\n\n\n<p class=\"wp-block-paragraph\">Los manifestantes expresaban que \u201cLos polic\u00edas ministeriales le pusieron un cuatro, lo citaron para no s\u00e9 qu\u00e9 cosa y al final de cuentas no hubo nada y se lo llevaron, lo detuvieron y se lo llevaron sin presentar ninguna orden de aprehensi\u00f3n. Se lo llevaron violando sus derechos desde un principio porque no mostraron ninguna orden de aprehensi\u00f3n, solamente se lo llevaron. Aqu\u00ed hay gente de La Rosa, El X\u00fachitl, El Campanario, Soledad Atzompa, hay gente de muchos lados porque \u00e9l siempre ha apoyado a mucha gente y est\u00e1 con mucha gente, somos vecinos y somos familia\u00bb.<\/p>\n\n\n\n<p class=\"wp-block-paragraph\">Aseguraron que luego de ser detenido, el l\u00edder fue trasladado e ingresado a las instalaciones de la Fiscal\u00eda Regional Zona Centro-C\u00f3rdoba y posteriormente recluido en el penal de mediana seguridad de La Toma de Amatl\u00e1n de Los Reyes, aunque hasta el momento desconocen los motivos o el delito por los que fue detenido.<\/p>\n\n\n\n<p class=\"wp-block-paragraph\">\u00abNo sabemos nada, no nos han dicho nada, desde que vieron nuestro movimiento lo sacaron de la Fiscal\u00eda y lo trasladaron a Amatl\u00e1n, fue cuando nosotros empezamos a hacer presi\u00f3n, pero no sabemos por qu\u00e9 delitos lo detuvieron. Nunca presentaron una orden de aprehensi\u00f3n, violaron sus derechos como ciudadano, no nos quieren dar ning\u00fan detalle, no quieren decir absolutamente nada y no se vale.<\/p>\n\n\n\n<p class=\"wp-block-paragraph\">Durante la manifestaci\u00f3n se present\u00f3 una bronca entre vecinos de la colonia 30 de Mayo y polic\u00edas municipales de Nogales que intentaban dispersar una manifestaci\u00f3n ante la exigencia de la liberaci\u00f3n de su l\u00edder de nombre Jes\u00fas Rosas.<\/p>\n","protected":false},"excerpt":{"rendered":"<p>Nogales, Ver.- En demanda de la liberaci\u00f3n de su Jes\u00fas Rosas, habitantes de la colonia 30 de mayo se manifiestan en el palacio municipal de Nogales al medio d\u00eda de este jueves, luego de que fuera detenido por la ma\u00f1ana. De acuerdo con los inconformes, el se\u00f1or Rosas fue detenido injustamente por Polic\u00eda Ministeriales, aparentemente [&hellip;]<\/p>\n","protected":false},"author":1,"featured_media":17995,"comment_status":"open","ping_status":"open","sticky":false,"template":"","format":"standard","meta":{"tdm_status":"","tdm_grid_status":"","footnotes":""},"categories":[26,10],"tags":[],"class_list":["post-17992","post","type-post","status-publish","format-standard","has-post-thumbnail","category-destacada-4","category-local-regional"],"_links":{"self":[{"href":"https:\/\/elrotativo.com.mx\/portal\/wp-json\/wp\/v2\/posts\/17992","targetHints":{"allow":["GET"]}}],"collection":[{"href":"https:\/\/elrotativo.com.mx\/portal\/wp-json\/wp\/v2\/posts"}],"about":[{"href":"https:\/\/elrotativo.com.mx\/portal\/wp-json\/wp\/v2\/types\/post"}],"author":[{"embeddable":true,"href":"https:\/\/elrotativo.com.mx\/portal\/wp-json\/wp\/v2\/users\/1"}],"replies":[{"embeddable":true,"href":"https:\/\/elrotativo.com.mx\/portal\/wp-json\/wp\/v2\/comments?post=17992"}],"version-history":[{"count":1,"href":"https:\/\/elrotativo.com.mx\/portal\/wp-json\/wp\/v2\/posts\/17992\/revisions"}],"predecessor-version":[{"id":17996,"href":"https:\/\/elrotativo.com.mx\/portal\/wp-json\/wp\/v2\/posts\/17992\/revisions\/17996"}],"wp:featuredmedia":[{"embeddable":true,"href":"https:\/\/elrotativo.com.mx\/portal\/wp-json\/wp\/v2\/media\/17995"}],"wp:attachment":[{"href":"https:\/\/elrotativo.com.mx\/portal\/wp-json\/wp\/v2\/media?parent=17992"}],"wp:term":[{"taxonomy":"category","embeddable":true,"href":"https:\/\/elrotativo.com.mx\/portal\/wp-json\/wp\/v2\/categories?post=17992"},{"taxonomy":"post_tag","embeddable":true,"href":"https:\/\/elrotativo.com.mx\/portal\/wp-json\/wp\/v2\/tags?post=17992"}],"curies":[{"name":"wp","href":"https:\/\/api.w.org\/{rel}","templated":true}]}}