{"id":17982,"date":"2024-02-28T22:46:47","date_gmt":"2024-02-29T04:46:47","guid":{"rendered":"https:\/\/elrotativo.com.mx\/portal\/?p=17982"},"modified":"2024-02-28T22:46:47","modified_gmt":"2024-02-29T04:46:47","slug":"denuncian-hostigamiento-y-pesimos-salarios-empleados-del-panteon-municipal-de-rio-blanco","status":"publish","type":"post","link":"https:\/\/elrotativo.com.mx\/portal\/denuncian-hostigamiento-y-pesimos-salarios-empleados-del-panteon-municipal-de-rio-blanco\/","title":{"rendered":"Denuncian hostigamiento y p\u00e9simos salarios, empleados del pante\u00f3n Municipal de R\u00edo Blanco"},"content":{"rendered":"\n<p class=\"wp-block-paragraph\">R\u00edo Blanco, Ver.-&nbsp; A trav\u00e9s de un video difundido en redes sociales y cansados de los malos tratos, trabajadores del pante\u00f3n Municipal de R\u00edo Blanco denunciaron que el actual Ayuntamiento no respeta sus derechos laborales y los hostigan para obligarlos a renunciar.<\/p>\n\n\n\n<p class=\"wp-block-paragraph\">Los empleados, explicaron que una persona a quien identifican como \u00abel se\u00f1or Gustavo\u00bb, es quien los hostiga laboralmente para que renuncien, adem\u00e1s de que no cuentan con vacaciones ni seguridad social y cuando los despiden, ni siquiera les dan una liquidaci\u00f3n justa.<\/p>\n\n\n\n<p class=\"wp-block-paragraph\">Lamentaron que a pesar de las labores que realizan, la actual administraci\u00f3n es la que menos les paga, pues su salario es muy bajo, pero adem\u00e1s hay compa\u00f1eros que han trabajo por m\u00e1s de a\u00f1o y medio y cuando los despiden, les dan de liquidaci\u00f3n una quincena, lo cual consideran no es injusto.<\/p>\n\n\n\n<p class=\"wp-block-paragraph\">Ante esta situaci\u00f3n y cansados de no obtener garant\u00edas laborales justas, hicieron un llamado a las autoridades estatales y federales, as\u00ed como a las laborales para que vean lo que est\u00e1 ocurriendo en R\u00edo Blanco, pues no respeta los derechos del personal, lo cual dijeron, es una burla. \u00abLes hacen homenaje a los M\u00e1rtires de R\u00edo Blanco, cuando est\u00e1n saltando todos los derechos por los que lucharon nuestros antepasados el 7 de enero\u00bb.<\/p>\n","protected":false},"excerpt":{"rendered":"<p>R\u00edo Blanco, Ver.-&nbsp; A trav\u00e9s de un video difundido en redes sociales y cansados de los malos tratos, trabajadores del pante\u00f3n Municipal de R\u00edo Blanco denunciaron que el actual Ayuntamiento no respeta sus derechos laborales y los hostigan para obligarlos a renunciar. Los empleados, explicaron que una persona a quien identifican como \u00abel se\u00f1or Gustavo\u00bb, [&hellip;]<\/p>\n","protected":false},"author":1,"featured_media":17985,"comment_status":"open","ping_status":"open","sticky":false,"template":"","format":"standard","meta":{"tdm_status":"","tdm_grid_status":"","footnotes":""},"categories":[26,10],"tags":[],"class_list":["post-17982","post","type-post","status-publish","format-standard","has-post-thumbnail","category-destacada-4","category-local-regional"],"_links":{"self":[{"href":"https:\/\/elrotativo.com.mx\/portal\/wp-json\/wp\/v2\/posts\/17982","targetHints":{"allow":["GET"]}}],"collection":[{"href":"https:\/\/elrotativo.com.mx\/portal\/wp-json\/wp\/v2\/posts"}],"about":[{"href":"https:\/\/elrotativo.com.mx\/portal\/wp-json\/wp\/v2\/types\/post"}],"author":[{"embeddable":true,"href":"https:\/\/elrotativo.com.mx\/portal\/wp-json\/wp\/v2\/users\/1"}],"replies":[{"embeddable":true,"href":"https:\/\/elrotativo.com.mx\/portal\/wp-json\/wp\/v2\/comments?post=17982"}],"version-history":[{"count":1,"href":"https:\/\/elrotativo.com.mx\/portal\/wp-json\/wp\/v2\/posts\/17982\/revisions"}],"predecessor-version":[{"id":17986,"href":"https:\/\/elrotativo.com.mx\/portal\/wp-json\/wp\/v2\/posts\/17982\/revisions\/17986"}],"wp:featuredmedia":[{"embeddable":true,"href":"https:\/\/elrotativo.com.mx\/portal\/wp-json\/wp\/v2\/media\/17985"}],"wp:attachment":[{"href":"https:\/\/elrotativo.com.mx\/portal\/wp-json\/wp\/v2\/media?parent=17982"}],"wp:term":[{"taxonomy":"category","embeddable":true,"href":"https:\/\/elrotativo.com.mx\/portal\/wp-json\/wp\/v2\/categories?post=17982"},{"taxonomy":"post_tag","embeddable":true,"href":"https:\/\/elrotativo.com.mx\/portal\/wp-json\/wp\/v2\/tags?post=17982"}],"curies":[{"name":"wp","href":"https:\/\/api.w.org\/{rel}","templated":true}]}}