{"id":17977,"date":"2024-02-28T14:03:13","date_gmt":"2024-02-28T20:03:13","guid":{"rendered":"https:\/\/elrotativo.com.mx\/portal\/?p=17977"},"modified":"2024-02-28T14:03:13","modified_gmt":"2024-02-28T20:03:13","slug":"se-suicida-menor-en-orizaba","status":"publish","type":"post","link":"https:\/\/elrotativo.com.mx\/portal\/se-suicida-menor-en-orizaba\/","title":{"rendered":"Se suicida menor en Orizaba"},"content":{"rendered":"\n<p class=\"wp-block-paragraph\"><strong><em>At\u00f3 su cuello a una cuerda que colg\u00f3 de la estructura de la casa<\/em><\/strong><\/p>\n\n\n\n<p class=\"wp-block-paragraph\">Orizaba. Ver.- De manera tr\u00e1gica una menor de 12 a\u00f1os termin\u00f3 con su vida, luego de colgarse de una cuerda en la vivienda ubicada entre calle r\u00edo Matzinga y r\u00edo Orizaba del fraccionamiento Palmeras de Orizaba, en donde habitaba junto con sus abuelos.<\/p>\n\n\n\n<p class=\"wp-block-paragraph\">Fue la noche del martes que los abuelos de la menor identificada como Ximena localizaron el cuerpo colgado, luego de que no respondiera a los llamados, por lo que de inmediato trataron de salvarla, solicitando el auxilio de los cuerpos de emergencias en el n\u00famero 911.<\/p>\n\n\n\n<p class=\"wp-block-paragraph\">Sin embargo y a pesar del arribo de param\u00e9dicos de la Cruz Roja nada pudieron hacer por la jovencita ya que no contaba con signos vitales ante lo cual elementos de la Polic\u00eda Municipal delimitaron la zona mientras peritos criminalistas y detectives de la Polic\u00eda Ministerial Acreditable, tomaban fe de los hechos.<\/p>\n\n\n\n<p class=\"wp-block-paragraph\">El cuerpo de la menor fue llevado al Servicio M\u00e9dico Forense (Semefo), en donde se confirmaron las causas de muerte debido a que no dej\u00f3 alguna carta p\u00f3stuma y los familiares aseguran no daba muestras de tener alg\u00fan problema.<\/p>\n\n\n\n<p class=\"wp-block-paragraph\">La menor quien era alumna del primer grado de la Secundaria T\u00e9cnica 4 de Orizaba en el turno vespertino, se encontraba baja el cuidado de los adultos mayores, debido a que su madre era maestra de un plantel educativo en el norte del estado y su padre labora en Canc\u00fan, Quintana Roo.<\/p>\n\n\n\n<p class=\"wp-block-paragraph\">Tras la entrega del cuerpo de la menor a sus familiares, ya se preparan los servicios funerarios para este mi\u00e9rcoles a las 18:00 horas en la Iglesia de Jesucristo de los Santos de los \u00faltimos d\u00edas, en Oriente 16 entre Sur 11 y 13 de esta ciudad.<\/p>\n","protected":false},"excerpt":{"rendered":"<p>At\u00f3 su cuello a una cuerda que colg\u00f3 de la estructura de la casa Orizaba. Ver.- De manera tr\u00e1gica una menor de 12 a\u00f1os termin\u00f3 con su vida, luego de colgarse de una cuerda en la vivienda ubicada entre calle r\u00edo Matzinga y r\u00edo Orizaba del fraccionamiento Palmeras de Orizaba, en donde habitaba junto con [&hellip;]<\/p>\n","protected":false},"author":1,"featured_media":17979,"comment_status":"open","ping_status":"open","sticky":false,"template":"","format":"standard","meta":{"tdm_status":"","tdm_grid_status":"","footnotes":""},"categories":[26,10],"tags":[],"class_list":["post-17977","post","type-post","status-publish","format-standard","has-post-thumbnail","category-destacada-4","category-local-regional"],"_links":{"self":[{"href":"https:\/\/elrotativo.com.mx\/portal\/wp-json\/wp\/v2\/posts\/17977","targetHints":{"allow":["GET"]}}],"collection":[{"href":"https:\/\/elrotativo.com.mx\/portal\/wp-json\/wp\/v2\/posts"}],"about":[{"href":"https:\/\/elrotativo.com.mx\/portal\/wp-json\/wp\/v2\/types\/post"}],"author":[{"embeddable":true,"href":"https:\/\/elrotativo.com.mx\/portal\/wp-json\/wp\/v2\/users\/1"}],"replies":[{"embeddable":true,"href":"https:\/\/elrotativo.com.mx\/portal\/wp-json\/wp\/v2\/comments?post=17977"}],"version-history":[{"count":1,"href":"https:\/\/elrotativo.com.mx\/portal\/wp-json\/wp\/v2\/posts\/17977\/revisions"}],"predecessor-version":[{"id":17981,"href":"https:\/\/elrotativo.com.mx\/portal\/wp-json\/wp\/v2\/posts\/17977\/revisions\/17981"}],"wp:featuredmedia":[{"embeddable":true,"href":"https:\/\/elrotativo.com.mx\/portal\/wp-json\/wp\/v2\/media\/17979"}],"wp:attachment":[{"href":"https:\/\/elrotativo.com.mx\/portal\/wp-json\/wp\/v2\/media?parent=17977"}],"wp:term":[{"taxonomy":"category","embeddable":true,"href":"https:\/\/elrotativo.com.mx\/portal\/wp-json\/wp\/v2\/categories?post=17977"},{"taxonomy":"post_tag","embeddable":true,"href":"https:\/\/elrotativo.com.mx\/portal\/wp-json\/wp\/v2\/tags?post=17977"}],"curies":[{"name":"wp","href":"https:\/\/api.w.org\/{rel}","templated":true}]}}