{"id":17949,"date":"2024-02-26T18:32:37","date_gmt":"2024-02-27T00:32:37","guid":{"rendered":"https:\/\/elrotativo.com.mx\/portal\/?p=17949"},"modified":"2024-02-26T18:32:38","modified_gmt":"2024-02-27T00:32:38","slug":"rescate-de-las-lenguas-maternas-solo-se-queda-en-el-discurso-de-las-autoridades","status":"publish","type":"post","link":"https:\/\/elrotativo.com.mx\/portal\/rescate-de-las-lenguas-maternas-solo-se-queda-en-el-discurso-de-las-autoridades\/","title":{"rendered":"Rescate de las lenguas maternas solo se queda en el discurso de las autoridades"},"content":{"rendered":"\n<p class=\"wp-block-paragraph\">Orizaba, Ver.- Aunque en el marco de la reciente conmemoraci\u00f3n del D\u00eda de las Lenguas Maternas se destac\u00f3 que a\u00fan quedan 68 lenguas maternas en el pa\u00eds y el 33 por ciento de esas est\u00e1n en riesgo de desaparecer, poco es el trabajo que las autoridades est\u00e1n realizando para prevenir que esto suceda, lament\u00f3 el profesor de educaci\u00f3n ind\u00edgena Ram\u00f3n Tepole Gonz\u00e1lez.<\/p>\n\n\n\n<p class=\"wp-block-paragraph\">En entrevista record\u00f3 que durante la presente administraci\u00f3n, con el director de Educaci\u00f3n Ind\u00edgena, Celerino Bautista Luis, se hizo un proyecto educativo en este rubro, para lo cual se realizaron foros y consultas, logrando con ello un importante avance que s\u00f3lo se qued\u00f3 en intenciones pues hasta la fecha nunca se public\u00f3.&nbsp; \u00abSe sistematizaron documentos y se lleg\u00f3 un documento base, ese documento se entreg\u00f3 a la subsecretaria de Veracruz, pero lamentablemente no lo publicaron\u00bb.<\/p>\n\n\n\n<p class=\"wp-block-paragraph\">Agreg\u00f3 que esto es lamentable pues a pocos meses de terminar la administraci\u00f3n estatal ese proyecto no ver\u00e1 la luz, a pesar de que se le inyectaron recursos etiquetados, mismo que hubiera sido de gran apoyo para la educaci\u00f3n ind\u00edgena, pues recuperaba saberes ancestrales y materiales.<\/p>\n\n\n\n<p class=\"wp-block-paragraph\">\u201cNuestra lengua no es un dialecto, es un idioma con todas sus caracter\u00edsticas similares a cualquier idioma de los que conocemos, como el ingl\u00e9s el espa\u00f1ol, etc\u00e9tera, las lenguas originarias se encuentran en una situaci\u00f3n de asimetr\u00eda con respecto al a las que son, digamos de prestigio dicho entre comillas, y que de alguna manera se encuentran en proceso de desarrollo\u201d.<\/p>\n\n\n\n<p class=\"wp-block-paragraph\">Lament\u00f3 que si bien discursivamente queremos a las lenguas originarias, s\u00f3lo queda en palabra, no en la pr\u00e1ctica. \u201cHa habido funcionarios que han respaldado mucho esta parte de la lengua ind\u00edgena, como otros han hecho caso omiso\u201d.<\/p>\n","protected":false},"excerpt":{"rendered":"<p>Orizaba, Ver.- Aunque en el marco de la reciente conmemoraci\u00f3n del D\u00eda de las Lenguas Maternas se destac\u00f3 que a\u00fan quedan 68 lenguas maternas en el pa\u00eds y el 33 por ciento de esas est\u00e1n en riesgo de desaparecer, poco es el trabajo que las autoridades est\u00e1n realizando para prevenir que esto suceda, lament\u00f3 el [&hellip;]<\/p>\n","protected":false},"author":1,"featured_media":17954,"comment_status":"open","ping_status":"open","sticky":false,"template":"","format":"standard","meta":{"tdm_status":"","tdm_grid_status":"","footnotes":""},"categories":[26,10],"tags":[],"class_list":["post-17949","post","type-post","status-publish","format-standard","has-post-thumbnail","category-destacada-4","category-local-regional"],"_links":{"self":[{"href":"https:\/\/elrotativo.com.mx\/portal\/wp-json\/wp\/v2\/posts\/17949","targetHints":{"allow":["GET"]}}],"collection":[{"href":"https:\/\/elrotativo.com.mx\/portal\/wp-json\/wp\/v2\/posts"}],"about":[{"href":"https:\/\/elrotativo.com.mx\/portal\/wp-json\/wp\/v2\/types\/post"}],"author":[{"embeddable":true,"href":"https:\/\/elrotativo.com.mx\/portal\/wp-json\/wp\/v2\/users\/1"}],"replies":[{"embeddable":true,"href":"https:\/\/elrotativo.com.mx\/portal\/wp-json\/wp\/v2\/comments?post=17949"}],"version-history":[{"count":1,"href":"https:\/\/elrotativo.com.mx\/portal\/wp-json\/wp\/v2\/posts\/17949\/revisions"}],"predecessor-version":[{"id":17956,"href":"https:\/\/elrotativo.com.mx\/portal\/wp-json\/wp\/v2\/posts\/17949\/revisions\/17956"}],"wp:featuredmedia":[{"embeddable":true,"href":"https:\/\/elrotativo.com.mx\/portal\/wp-json\/wp\/v2\/media\/17954"}],"wp:attachment":[{"href":"https:\/\/elrotativo.com.mx\/portal\/wp-json\/wp\/v2\/media?parent=17949"}],"wp:term":[{"taxonomy":"category","embeddable":true,"href":"https:\/\/elrotativo.com.mx\/portal\/wp-json\/wp\/v2\/categories?post=17949"},{"taxonomy":"post_tag","embeddable":true,"href":"https:\/\/elrotativo.com.mx\/portal\/wp-json\/wp\/v2\/tags?post=17949"}],"curies":[{"name":"wp","href":"https:\/\/api.w.org\/{rel}","templated":true}]}}