{"id":17942,"date":"2024-02-26T13:45:21","date_gmt":"2024-02-26T19:45:21","guid":{"rendered":"https:\/\/elrotativo.com.mx\/portal\/?p=17942"},"modified":"2024-02-26T13:45:22","modified_gmt":"2024-02-26T19:45:22","slug":"continua-protesta-de-brazos-caidos-en-el-cam-15","status":"publish","type":"post","link":"https:\/\/elrotativo.com.mx\/portal\/continua-protesta-de-brazos-caidos-en-el-cam-15\/","title":{"rendered":"Contin\u00faa protesta de brazos ca\u00eddos en el CAM 15"},"content":{"rendered":"\n<p class=\"wp-block-paragraph\">Orizaba, Ver.- Alrededor de 67 alumnos del Centro de Atenci\u00f3n M\u00faltiple n\u00famero 15 de Orizaba, estar\u00e1n sin clases este lunes 27 y martes 27, debido al paro de brazos ca\u00eddos que mantiene personal docente de esta instituci\u00f3n ante supuestas anomal\u00edas en la designaci\u00f3n de interinatos.<\/p>\n\n\n\n<p class=\"wp-block-paragraph\">De acuerdo con la secretaria general de la delegaci\u00f3n 1296 de Educaci\u00f3n Especial Federal, Gloria Mar\u00eda Ruiz S\u00e1nchez, ser\u00e1 hasta el mi\u00e9rcoles 28 de febrero cuando acudan a audiencia en la Secretar\u00eda de Educaci\u00f3n de Veracruz (SEV) en la ciudad de Xalapa, para dar soluci\u00f3n a las horas de taller que fueron dadas a otro profesor sin tomar en consideraci\u00f3n el escalaf\u00f3n interno.<\/p>\n\n\n\n<p class=\"wp-block-paragraph\">Sobre esta situaci\u00f3n, record\u00f3 que desde el 2018 quedaron diez horas taller libres con la salida de un profesor, mismas que pod\u00edan ser tomadas por los profesores del CAM 15, sin embargo, en su momento les fue mencionado que esto estar\u00eda en revisi\u00f3n por la Unidad de Sistema para la Carrera de las Maestras y Maestros (Usicamm), sin embargo en el 19 de este mes les informaron que por orden federal, un profesor que no corresponde a la delegaci\u00f3n 1296 qued\u00f3 con el puesto, molestando esta acci\u00f3n a los docentes del CAM 15.<\/p>\n\n\n\n<p class=\"wp-block-paragraph\">Debido a ello la ma\u00f1ana del viernes 23 de febrero, los profesores tomaron las instalaciones del plantel con una manifestaci\u00f3n de brazos ca\u00eddos, toda vez que se violentaran sus derechos laborales, pero debido que no hay una respuesta satisfactoria contin\u00faan este movimiento. \u00abContinuamos con paro de brazos ca\u00eddos, la SEV no nos envi\u00f3 nada, nos dieron una audiencia para el d\u00eda mi\u00e9rcoles y mediar la situaci\u00f3n, esto en Xalapa el mi\u00e9rcoles, hoy y ma\u00f1ana estaremos de paro\u00bb.<\/p>\n","protected":false},"excerpt":{"rendered":"<p>Orizaba, Ver.- Alrededor de 67 alumnos del Centro de Atenci\u00f3n M\u00faltiple n\u00famero 15 de Orizaba, estar\u00e1n sin clases este lunes 27 y martes 27, debido al paro de brazos ca\u00eddos que mantiene personal docente de esta instituci\u00f3n ante supuestas anomal\u00edas en la designaci\u00f3n de interinatos. De acuerdo con la secretaria general de la delegaci\u00f3n 1296 [&hellip;]<\/p>\n","protected":false},"author":1,"featured_media":17946,"comment_status":"open","ping_status":"open","sticky":false,"template":"","format":"standard","meta":{"tdm_status":"","tdm_grid_status":"","footnotes":""},"categories":[26,10],"tags":[],"class_list":["post-17942","post","type-post","status-publish","format-standard","has-post-thumbnail","category-destacada-4","category-local-regional"],"_links":{"self":[{"href":"https:\/\/elrotativo.com.mx\/portal\/wp-json\/wp\/v2\/posts\/17942","targetHints":{"allow":["GET"]}}],"collection":[{"href":"https:\/\/elrotativo.com.mx\/portal\/wp-json\/wp\/v2\/posts"}],"about":[{"href":"https:\/\/elrotativo.com.mx\/portal\/wp-json\/wp\/v2\/types\/post"}],"author":[{"embeddable":true,"href":"https:\/\/elrotativo.com.mx\/portal\/wp-json\/wp\/v2\/users\/1"}],"replies":[{"embeddable":true,"href":"https:\/\/elrotativo.com.mx\/portal\/wp-json\/wp\/v2\/comments?post=17942"}],"version-history":[{"count":1,"href":"https:\/\/elrotativo.com.mx\/portal\/wp-json\/wp\/v2\/posts\/17942\/revisions"}],"predecessor-version":[{"id":17947,"href":"https:\/\/elrotativo.com.mx\/portal\/wp-json\/wp\/v2\/posts\/17942\/revisions\/17947"}],"wp:featuredmedia":[{"embeddable":true,"href":"https:\/\/elrotativo.com.mx\/portal\/wp-json\/wp\/v2\/media\/17946"}],"wp:attachment":[{"href":"https:\/\/elrotativo.com.mx\/portal\/wp-json\/wp\/v2\/media?parent=17942"}],"wp:term":[{"taxonomy":"category","embeddable":true,"href":"https:\/\/elrotativo.com.mx\/portal\/wp-json\/wp\/v2\/categories?post=17942"},{"taxonomy":"post_tag","embeddable":true,"href":"https:\/\/elrotativo.com.mx\/portal\/wp-json\/wp\/v2\/tags?post=17942"}],"curies":[{"name":"wp","href":"https:\/\/api.w.org\/{rel}","templated":true}]}}