{"id":17932,"date":"2024-02-25T20:46:25","date_gmt":"2024-02-26T02:46:25","guid":{"rendered":"https:\/\/elrotativo.com.mx\/portal\/?p=17932"},"modified":"2024-02-25T20:46:26","modified_gmt":"2024-02-26T02:46:26","slug":"lagunas-mentales-una-de-las-secuelas-mas-comunes-del-covid-19","status":"publish","type":"post","link":"https:\/\/elrotativo.com.mx\/portal\/lagunas-mentales-una-de-las-secuelas-mas-comunes-del-covid-19\/","title":{"rendered":"Lagunas mentales, una de las secuelas m\u00e1s comunes del COVID-19"},"content":{"rendered":"\n<p class=\"wp-block-paragraph\">Orizaba, Ver.- Las secuelas que ha dejado el COVID-19 en las personas que lo han padecido, a\u00fan no han sido estudiadas del todo y se especula pueden relacionarse con algunos males comunes que actualmente presenta la poblaci\u00f3n, expuso el presidente de la Asociaci\u00f3n de M\u00e9dicos Generales de Orizaba, Adri\u00e1n Arellano Mu\u00f1oz.<\/p>\n\n\n\n<p class=\"wp-block-paragraph\">Sobre el tema, dijo que uno de los padecimientos m\u00e1s destacados en cuanto a las secuelas del COVID son las \u201clagunas mentales\u201d, aunque tambi\u00e9n se han asociado el incremento de los males cardiacos, aunque no se tienen estudios que confirmen esta situaci\u00f3n.<\/p>\n\n\n\n<p class=\"wp-block-paragraph\">\u201cTenemos algunas situaciones que pudieran estar influyendo, no voy a ser determinante en este sentido, pero sin embargo existen muchas secuelas de COVID que todav\u00eda no est\u00e1n identificadas, hay alguna situaci\u00f3n que se llama niebla mental en la cual no est\u00e1 habiendo suficiente identificaci\u00f3n de la misma, pero es una de las secuelas del COVID,&nbsp; es decir hay confusi\u00f3n, hay aletargamiento, hay lentitud mental son situaciones que son muy leves, aunque son muy peque\u00f1as\u201d.<\/p>\n\n\n\n<p class=\"wp-block-paragraph\">Agreg\u00f3 que dentro de las secuelas tambi\u00e9n se tienen detectadas situaciones respiratorias entre otras, \u201cest\u00e1n identificadas como secuelas del COVID y as\u00ed mismo tambi\u00e9n de v\u00edas respiratorias, neumon\u00eda, hay identificaci\u00f3n de neumon\u00eda, de focos m\u00faltiples, quedaron cicatrices en los pulmones y tambi\u00e9n ha de haber algunos otros \u00f3rganos y sistemas como es el sistema cardiocirculatorio y por eso muy posiblemente exista la reincidencia o el aumento de la incidencia m\u00e1s bien de las muertes cardiacas\u201d. Sobre la \u201cniebla mental\u201d, detall\u00f3 que es dif\u00edcil diagnosticarla debido a los s\u00edntomas confusos que presenta. \u201cse presenta lentitud mental, falta de memorizaci\u00f3n se identifican algo as\u00ed como dificultad para pensar lentitud mental cosa parecida. Se establece un diagn\u00f3stico un poquito confuso porque cuesta trabajo precisamente para que las personas, nada m\u00e1s dicen es que se me est\u00e1n olvidando mucho las cosas muy diferente a los que es la distracci\u00f3n o la falta de concentraci\u00f3n o de atenci\u00f3n, pero algo semejante en mayor cantidad o frecuencia\u201d.<\/p>\n","protected":false},"excerpt":{"rendered":"<p>Orizaba, Ver.- Las secuelas que ha dejado el COVID-19 en las personas que lo han padecido, a\u00fan no han sido estudiadas del todo y se especula pueden relacionarse con algunos males comunes que actualmente presenta la poblaci\u00f3n, expuso el presidente de la Asociaci\u00f3n de M\u00e9dicos Generales de Orizaba, Adri\u00e1n Arellano Mu\u00f1oz. Sobre el tema, dijo [&hellip;]<\/p>\n","protected":false},"author":1,"featured_media":17936,"comment_status":"open","ping_status":"open","sticky":false,"template":"","format":"standard","meta":{"tdm_status":"","tdm_grid_status":"","footnotes":""},"categories":[26,10],"tags":[],"class_list":["post-17932","post","type-post","status-publish","format-standard","has-post-thumbnail","category-destacada-4","category-local-regional"],"_links":{"self":[{"href":"https:\/\/elrotativo.com.mx\/portal\/wp-json\/wp\/v2\/posts\/17932","targetHints":{"allow":["GET"]}}],"collection":[{"href":"https:\/\/elrotativo.com.mx\/portal\/wp-json\/wp\/v2\/posts"}],"about":[{"href":"https:\/\/elrotativo.com.mx\/portal\/wp-json\/wp\/v2\/types\/post"}],"author":[{"embeddable":true,"href":"https:\/\/elrotativo.com.mx\/portal\/wp-json\/wp\/v2\/users\/1"}],"replies":[{"embeddable":true,"href":"https:\/\/elrotativo.com.mx\/portal\/wp-json\/wp\/v2\/comments?post=17932"}],"version-history":[{"count":1,"href":"https:\/\/elrotativo.com.mx\/portal\/wp-json\/wp\/v2\/posts\/17932\/revisions"}],"predecessor-version":[{"id":17939,"href":"https:\/\/elrotativo.com.mx\/portal\/wp-json\/wp\/v2\/posts\/17932\/revisions\/17939"}],"wp:featuredmedia":[{"embeddable":true,"href":"https:\/\/elrotativo.com.mx\/portal\/wp-json\/wp\/v2\/media\/17936"}],"wp:attachment":[{"href":"https:\/\/elrotativo.com.mx\/portal\/wp-json\/wp\/v2\/media?parent=17932"}],"wp:term":[{"taxonomy":"category","embeddable":true,"href":"https:\/\/elrotativo.com.mx\/portal\/wp-json\/wp\/v2\/categories?post=17932"},{"taxonomy":"post_tag","embeddable":true,"href":"https:\/\/elrotativo.com.mx\/portal\/wp-json\/wp\/v2\/tags?post=17932"}],"curies":[{"name":"wp","href":"https:\/\/api.w.org\/{rel}","templated":true}]}}