{"id":17931,"date":"2024-02-25T20:42:58","date_gmt":"2024-02-26T02:42:58","guid":{"rendered":"https:\/\/elrotativo.com.mx\/portal\/?p=17931"},"modified":"2024-02-25T20:42:59","modified_gmt":"2024-02-26T02:42:59","slug":"violencia-que-se-vive-en-la-region-no-se-debe-normalizar-diocesis-de-orizaba","status":"publish","type":"post","link":"https:\/\/elrotativo.com.mx\/portal\/violencia-que-se-vive-en-la-region-no-se-debe-normalizar-diocesis-de-orizaba\/","title":{"rendered":"Violencia que se vive en la regi\u00f3n no se debe normalizar: Di\u00f3cesis de Orizaba"},"content":{"rendered":"\n<p class=\"wp-block-paragraph\">Solicitud de justicia y seguridad de la poblaci\u00f3n es justa<\/p>\n\n\n\n<p class=\"wp-block-paragraph\">Orizaba, Ver.- Tras los hechos de inseguridad que se han registrado en el municipio de Acultzingo luego del \u201clevant\u00f3n\u201d de un joven y el asesinato de siete personas al d\u00eda siguiente que ha llevado a la poblaci\u00f3n a mantener una tensa calma en el lugar, el vocero de la Di\u00f3cesis de Orizaba, Helkyn Enr\u00edquez B\u00e1ez, dijo que las manifestaciones de la poblaci\u00f3n ante estos hechos son justas, pues la muerte de varias personas se podr\u00eda calificar como \u201cterrorismo\u201d.<\/p>\n\n\n\n<p class=\"wp-block-paragraph\">Ante estos hechos el sacerdote pronunci\u00f3 en\u00e9rgicamente su preocupaci\u00f3n por la escalada de violencia que impacta a la zona, indicando que este grado de violencia no deber\u00eda ser normalizado. \u201cToda muerte impacta, y un acontecimiento como este nos debe conmover como sociedad. No podemos permitir que la violencia avance, y es justa la demanda de los habitantes que piden mayor seguridad, una seguridad que les permita descubrir que est\u00e1n protegidos y en paz\u201d.<\/p>\n\n\n\n<p class=\"wp-block-paragraph\">Asegur\u00f3 que la poblaci\u00f3n en general no puede ni debe tomar estos actos como una situaci\u00f3n normalizada, pues es un hecho de violencia triste que ha robado la vida de mucha gente. \u201cEsto significa terror, no nos debemos de acostumbrar a este grado de violencia que sea la causa que sea, es impresionante y por eso mismo es que las comunidades se convulsionan al tener estas manifestaciones de violencia exacerbada\u201d.<\/p>\n\n\n\n<p class=\"wp-block-paragraph\">Asegur\u00f3 que este tipo de situaciones afectan a toda la poblaci\u00f3n en general y no se puede permitir que la violencia avance y por eso es justa la demanda de los habitantes que piden mayor seguridad, pero que a ellos les permita verdaderamente descubrir que est\u00e1n protegidos y est\u00e1n en paz. \u201cAs\u00ed que aqu\u00ed debe de haber ciertamente un cuidado, porque ante un acontecimiento as\u00ed las comunidades est\u00e1n vulnerables y est\u00e1n sensibles, as\u00ed que el modo de como las corporaciones de seguridad tratan el caso\u201d.<\/p>\n\n\n\n<p class=\"wp-block-paragraph\">Asegur\u00f3 que estos hechos convulsionan a la comunidad por lo cual es hasta cierto punto \u201cnormal\u201d que salgan a las calles a pedir justicia, ante lo cual, las autoridades y los manifestantes deben apremiar el dialogo. \u201cpuede ser que por eso tengan reservas ante ciertas acciones aqu\u00ed creo que es el di\u00e1logo, pero tambi\u00e9n la procuraci\u00f3n de justicia, la investigaci\u00f3n, para saber cu\u00e1l es el motivo y qui\u00e9nes son los responsables, y tomar las medidas necesarias ser\u00e1 muy importante para que la comunidad pueda recuperar su paz\u201d.<\/p>\n","protected":false},"excerpt":{"rendered":"<p>Solicitud de justicia y seguridad de la poblaci\u00f3n es justa Orizaba, Ver.- Tras los hechos de inseguridad que se han registrado en el municipio de Acultzingo luego del \u201clevant\u00f3n\u201d de un joven y el asesinato de siete personas al d\u00eda siguiente que ha llevado a la poblaci\u00f3n a mantener una tensa calma en el lugar, [&hellip;]<\/p>\n","protected":false},"author":1,"featured_media":17935,"comment_status":"open","ping_status":"open","sticky":false,"template":"","format":"standard","meta":{"tdm_status":"","tdm_grid_status":"","footnotes":""},"categories":[26,10],"tags":[],"class_list":["post-17931","post","type-post","status-publish","format-standard","has-post-thumbnail","category-destacada-4","category-local-regional"],"_links":{"self":[{"href":"https:\/\/elrotativo.com.mx\/portal\/wp-json\/wp\/v2\/posts\/17931","targetHints":{"allow":["GET"]}}],"collection":[{"href":"https:\/\/elrotativo.com.mx\/portal\/wp-json\/wp\/v2\/posts"}],"about":[{"href":"https:\/\/elrotativo.com.mx\/portal\/wp-json\/wp\/v2\/types\/post"}],"author":[{"embeddable":true,"href":"https:\/\/elrotativo.com.mx\/portal\/wp-json\/wp\/v2\/users\/1"}],"replies":[{"embeddable":true,"href":"https:\/\/elrotativo.com.mx\/portal\/wp-json\/wp\/v2\/comments?post=17931"}],"version-history":[{"count":1,"href":"https:\/\/elrotativo.com.mx\/portal\/wp-json\/wp\/v2\/posts\/17931\/revisions"}],"predecessor-version":[{"id":17938,"href":"https:\/\/elrotativo.com.mx\/portal\/wp-json\/wp\/v2\/posts\/17931\/revisions\/17938"}],"wp:featuredmedia":[{"embeddable":true,"href":"https:\/\/elrotativo.com.mx\/portal\/wp-json\/wp\/v2\/media\/17935"}],"wp:attachment":[{"href":"https:\/\/elrotativo.com.mx\/portal\/wp-json\/wp\/v2\/media?parent=17931"}],"wp:term":[{"taxonomy":"category","embeddable":true,"href":"https:\/\/elrotativo.com.mx\/portal\/wp-json\/wp\/v2\/categories?post=17931"},{"taxonomy":"post_tag","embeddable":true,"href":"https:\/\/elrotativo.com.mx\/portal\/wp-json\/wp\/v2\/tags?post=17931"}],"curies":[{"name":"wp","href":"https:\/\/api.w.org\/{rel}","templated":true}]}}