{"id":17888,"date":"2024-02-20T16:59:57","date_gmt":"2024-02-20T22:59:57","guid":{"rendered":"https:\/\/elrotativo.com.mx\/portal\/?p=17888"},"modified":"2024-02-20T16:59:57","modified_gmt":"2024-02-20T22:59:57","slug":"muere-hombre-en-las-instalaciones-del-mando-unico-en-cordoba","status":"publish","type":"post","link":"https:\/\/elrotativo.com.mx\/portal\/muere-hombre-en-las-instalaciones-del-mando-unico-en-cordoba\/","title":{"rendered":"Muere hombre en las Instalaciones del Mando \u00danico en C\u00f3rdoba"},"content":{"rendered":"\n<p class=\"wp-block-paragraph\">C\u00f3rdoba, Ver.- La noche del lunes un hombre de 27 a\u00f1os, perdi\u00f3 la vida en el interior del Mando \u00danico de C\u00f3rdoba, presuntamente luego de que recibiera un fuerte golpe en la cabeza, cuando fue detenido.<\/p>\n\n\n\n<p class=\"wp-block-paragraph\">De acuerdo con los reportes vecinos de la colonia Antorchista solicitaron el auxilio de la Polic\u00eda Estatal y Municipal ante la presencia de una persona que escandalizada en su domicilio pues al parecer se encontraba bajo los influjos de alguna sustancia t\u00f3xica.<\/p>\n\n\n\n<p class=\"wp-block-paragraph\">A su arribo, los polic\u00edas encontraron Adhonai Ulises Miranda de 27 a\u00f1os, quien intent\u00f3 escapar del lugar, pero al saltar una barda cay\u00f3 de forma aparatosa, supuestamente golpe\u00e1ndose la cabeza.<\/p>\n\n\n\n<p class=\"wp-block-paragraph\">Debido a que se encontraba aturdido el sujeto fue intervenirlo y llevado a las instalaciones del Mando \u00danico.<\/p>\n\n\n\n<p class=\"wp-block-paragraph\">En ese lugar las autoridades reportaron que el j\u00f3ven, se encontraba inconsciente en los separos, por lo pidieron el apoyo de los cuerpos de rescate quienes intentaron brindar los primeros auxilios al detenido, que ya no contaba con signos vitales, ante tal situaci\u00f3n dieron parte a la autoridad competente. El fiscal en turno de la Unidad Integral de Procuraci\u00f3n de Justicia, Peritos y Detectives Investigadores tomaron conocimiento, dieron fe del deceso a iniciaron la carpeta de investigaci\u00f3n correspondiente.<\/p>\n","protected":false},"excerpt":{"rendered":"<p>C\u00f3rdoba, Ver.- La noche del lunes un hombre de 27 a\u00f1os, perdi\u00f3 la vida en el interior del Mando \u00danico de C\u00f3rdoba, presuntamente luego de que recibiera un fuerte golpe en la cabeza, cuando fue detenido. De acuerdo con los reportes vecinos de la colonia Antorchista solicitaron el auxilio de la Polic\u00eda Estatal y Municipal [&hellip;]<\/p>\n","protected":false},"author":1,"featured_media":17892,"comment_status":"open","ping_status":"open","sticky":false,"template":"","format":"standard","meta":{"tdm_status":"","tdm_grid_status":"","footnotes":""},"categories":[26,10],"tags":[],"class_list":["post-17888","post","type-post","status-publish","format-standard","has-post-thumbnail","category-destacada-4","category-local-regional"],"_links":{"self":[{"href":"https:\/\/elrotativo.com.mx\/portal\/wp-json\/wp\/v2\/posts\/17888","targetHints":{"allow":["GET"]}}],"collection":[{"href":"https:\/\/elrotativo.com.mx\/portal\/wp-json\/wp\/v2\/posts"}],"about":[{"href":"https:\/\/elrotativo.com.mx\/portal\/wp-json\/wp\/v2\/types\/post"}],"author":[{"embeddable":true,"href":"https:\/\/elrotativo.com.mx\/portal\/wp-json\/wp\/v2\/users\/1"}],"replies":[{"embeddable":true,"href":"https:\/\/elrotativo.com.mx\/portal\/wp-json\/wp\/v2\/comments?post=17888"}],"version-history":[{"count":1,"href":"https:\/\/elrotativo.com.mx\/portal\/wp-json\/wp\/v2\/posts\/17888\/revisions"}],"predecessor-version":[{"id":17896,"href":"https:\/\/elrotativo.com.mx\/portal\/wp-json\/wp\/v2\/posts\/17888\/revisions\/17896"}],"wp:featuredmedia":[{"embeddable":true,"href":"https:\/\/elrotativo.com.mx\/portal\/wp-json\/wp\/v2\/media\/17892"}],"wp:attachment":[{"href":"https:\/\/elrotativo.com.mx\/portal\/wp-json\/wp\/v2\/media?parent=17888"}],"wp:term":[{"taxonomy":"category","embeddable":true,"href":"https:\/\/elrotativo.com.mx\/portal\/wp-json\/wp\/v2\/categories?post=17888"},{"taxonomy":"post_tag","embeddable":true,"href":"https:\/\/elrotativo.com.mx\/portal\/wp-json\/wp\/v2\/tags?post=17888"}],"curies":[{"name":"wp","href":"https:\/\/api.w.org\/{rel}","templated":true}]}}