{"id":17875,"date":"2024-02-19T19:03:15","date_gmt":"2024-02-20T01:03:15","guid":{"rendered":"https:\/\/elrotativo.com.mx\/portal\/?p=17875"},"modified":"2024-02-19T19:03:16","modified_gmt":"2024-02-20T01:03:16","slug":"ordenamiento-territorial-sera-detonante-en-zona-metropolitana-de-orizaba","status":"publish","type":"post","link":"https:\/\/elrotativo.com.mx\/portal\/ordenamiento-territorial-sera-detonante-en-zona-metropolitana-de-orizaba\/","title":{"rendered":"Ordenamiento territorial ser\u00e1 detonante en zona metropolitana de Orizaba"},"content":{"rendered":"\n<p class=\"wp-block-paragraph\">Ixtaczoquitl\u00e1n, Ver.- Este lunes, la diputada local del distrito 20, Itzel L\u00f3pez L\u00f3pez, particip\u00f3 en la firma del Convenio de Coordinaci\u00f3n para impulsar la Gobernanza de la Zona Metropolitana de Orizaba, as\u00ed como en la Primera Sesi\u00f3n Ordinaria de la Comisi\u00f3n de Ordenamiento Metropolitano de Orizaba del ejercicio fiscal 2024, llevada a cabo en el Sal\u00f3n Mirador de Ixtaczoquitl\u00e1n.<\/p>\n\n\n\n<p class=\"wp-block-paragraph\">En este lugar, la legisladora dio a conocer que, mediante este convenio, se plantean 60 proyectos que servir\u00e1n para ordenar el crecimiento a futuro de los 13 municipios de la zona metropolitana de Orizaba, tomando en consideraci\u00f3n el medio ambiente, la movilidad y la infraestructura, y garantizando servicios y derechos esenciales.<\/p>\n\n\n\n<p class=\"wp-block-paragraph\">\u201cSe trata de un trabajo que tom\u00f3 en cuenta las necesidades y la voz de la ciudadan\u00eda, dejando la puerta abierta para que los ayuntamientos pongan manos a la obra y puedan concretar dichos proyectos\u201d, inform\u00f3 la diputada.<\/p>\n\n\n\n<p class=\"wp-block-paragraph\">De igual modo, celebr\u00f3 que exista voluntad de las autoridades municipales, estatales y federales para incluir a la zona metropolitana de Orizaba como parte de este convenio y se comprometi\u00f3 a sumarse a los acuerdos que se tomen para continuar con la transformaci\u00f3n de la zona metropolitana de esta regi\u00f3n y de todo Veracruz.<\/p>\n","protected":false},"excerpt":{"rendered":"<p>Ixtaczoquitl\u00e1n, Ver.- Este lunes, la diputada local del distrito 20, Itzel L\u00f3pez L\u00f3pez, particip\u00f3 en la firma del Convenio de Coordinaci\u00f3n para impulsar la Gobernanza de la Zona Metropolitana de Orizaba, as\u00ed como en la Primera Sesi\u00f3n Ordinaria de la Comisi\u00f3n de Ordenamiento Metropolitano de Orizaba del ejercicio fiscal 2024, llevada a cabo en el [&hellip;]<\/p>\n","protected":false},"author":1,"featured_media":17882,"comment_status":"open","ping_status":"open","sticky":false,"template":"","format":"standard","meta":{"tdm_status":"","tdm_grid_status":"","footnotes":""},"categories":[26,10],"tags":[],"class_list":["post-17875","post","type-post","status-publish","format-standard","has-post-thumbnail","category-destacada-4","category-local-regional"],"_links":{"self":[{"href":"https:\/\/elrotativo.com.mx\/portal\/wp-json\/wp\/v2\/posts\/17875","targetHints":{"allow":["GET"]}}],"collection":[{"href":"https:\/\/elrotativo.com.mx\/portal\/wp-json\/wp\/v2\/posts"}],"about":[{"href":"https:\/\/elrotativo.com.mx\/portal\/wp-json\/wp\/v2\/types\/post"}],"author":[{"embeddable":true,"href":"https:\/\/elrotativo.com.mx\/portal\/wp-json\/wp\/v2\/users\/1"}],"replies":[{"embeddable":true,"href":"https:\/\/elrotativo.com.mx\/portal\/wp-json\/wp\/v2\/comments?post=17875"}],"version-history":[{"count":1,"href":"https:\/\/elrotativo.com.mx\/portal\/wp-json\/wp\/v2\/posts\/17875\/revisions"}],"predecessor-version":[{"id":17883,"href":"https:\/\/elrotativo.com.mx\/portal\/wp-json\/wp\/v2\/posts\/17875\/revisions\/17883"}],"wp:featuredmedia":[{"embeddable":true,"href":"https:\/\/elrotativo.com.mx\/portal\/wp-json\/wp\/v2\/media\/17882"}],"wp:attachment":[{"href":"https:\/\/elrotativo.com.mx\/portal\/wp-json\/wp\/v2\/media?parent=17875"}],"wp:term":[{"taxonomy":"category","embeddable":true,"href":"https:\/\/elrotativo.com.mx\/portal\/wp-json\/wp\/v2\/categories?post=17875"},{"taxonomy":"post_tag","embeddable":true,"href":"https:\/\/elrotativo.com.mx\/portal\/wp-json\/wp\/v2\/tags?post=17875"}],"curies":[{"name":"wp","href":"https:\/\/api.w.org\/{rel}","templated":true}]}}