{"id":17874,"date":"2024-02-19T18:56:25","date_gmt":"2024-02-20T00:56:25","guid":{"rendered":"https:\/\/elrotativo.com.mx\/portal\/?p=17874"},"modified":"2024-02-19T18:56:26","modified_gmt":"2024-02-20T00:56:26","slug":"celebra-facultad-de-medicina-de-la-uv-en-mendoza-50-anos-de-formar-profesionales","status":"publish","type":"post","link":"https:\/\/elrotativo.com.mx\/portal\/celebra-facultad-de-medicina-de-la-uv-en-mendoza-50-anos-de-formar-profesionales\/","title":{"rendered":"Celebra Facultad de Medicina de la UV en Mendoza 50 a\u00f1os de formar profesionales"},"content":{"rendered":"\n<p class=\"wp-block-paragraph\">Camerino Z Mendoza, Ver.- Con un gran acto protocolario, la Universidad Veracruzana, celebr\u00f3 el 50 aniversario de la Facultad de Medicina campus Ciudad Mendoza, en el que participaron directivos la m\u00e1xima casa de estudios del estado, as\u00ed como maestros, alumnos y ex alumnos, autoridades municipales, ex trabajadores de la f\u00e1brica CIVSA e invitados especiales.<\/p>\n\n\n\n<p class=\"wp-block-paragraph\">Durante su discurso el director de la Facultad, Alejandro Pimentel Dom\u00ednguez, record\u00f3 que fue gracias a los ex obreros que esta facultad cuenta con un inmueble por lo que agradeci\u00f3 este gesto al igual que a las autoridades municipales y a la poblaci\u00f3n mendocina. \u00abAgradezco especialmente al presidente municipal de Camerino Z Mendoza, H\u00e9ctor Rodr\u00edguez Cort\u00e9s, gracias por hospedarnos en Ciudad Mendoza y gracias a la ciudadan\u00eda de Ciudad Mendoza que ha cuidado a generaciones de alumnos\u201d.<\/p>\n\n\n\n<p class=\"wp-block-paragraph\">En su intervenci\u00f3n el vicerrector de la UV en la zona C\u00f3rdoba-Orizaba, Mario Guapillo Vargas, resalt\u00f3 que durante este medio siglo la Facultad de Medicina ha albergado a diversas generaciones que eligieron a la medicina como la ruta personal y de servicios. \u00abPr\u00e1cticamente todas las personas que habitamos en la regi\u00f3n hemos recibido en alg\u00fan momento la atenci\u00f3n de ustedes, m\u00e1s de 7 mil 300 m\u00e9dicas y m\u00e9dicos egresados de nuestra facultad, muchos de ustedes tambi\u00e9n han contribuido a la formaci\u00f3n de recursos humanos, tanto en la facultad como en los campos cl\u00ednicos e instituciones de salud hermanas. Gracias por su contribuci\u00f3n para hacer posible el derecho a la salud y la educaci\u00f3n\u201d.<\/p>\n\n\n\n<p class=\"wp-block-paragraph\">Previo al acto protocolario hubo un desfile de la alameda de este municipio a la Facultad de Medicina, en donde al finalizar se hizo entrega de reconocimientos a m\u00e9dicos y ex trabajadores de la instituci\u00f3n, pues se cont\u00f3 con diversos invitados especiales.<\/p>\n","protected":false},"excerpt":{"rendered":"<p>Camerino Z Mendoza, Ver.- Con un gran acto protocolario, la Universidad Veracruzana, celebr\u00f3 el 50 aniversario de la Facultad de Medicina campus Ciudad Mendoza, en el que participaron directivos la m\u00e1xima casa de estudios del estado, as\u00ed como maestros, alumnos y ex alumnos, autoridades municipales, ex trabajadores de la f\u00e1brica CIVSA e invitados especiales. Durante [&hellip;]<\/p>\n","protected":false},"author":1,"featured_media":17880,"comment_status":"open","ping_status":"open","sticky":false,"template":"","format":"standard","meta":{"tdm_status":"","tdm_grid_status":"","footnotes":""},"categories":[26,10],"tags":[],"class_list":["post-17874","post","type-post","status-publish","format-standard","has-post-thumbnail","category-destacada-4","category-local-regional"],"_links":{"self":[{"href":"https:\/\/elrotativo.com.mx\/portal\/wp-json\/wp\/v2\/posts\/17874","targetHints":{"allow":["GET"]}}],"collection":[{"href":"https:\/\/elrotativo.com.mx\/portal\/wp-json\/wp\/v2\/posts"}],"about":[{"href":"https:\/\/elrotativo.com.mx\/portal\/wp-json\/wp\/v2\/types\/post"}],"author":[{"embeddable":true,"href":"https:\/\/elrotativo.com.mx\/portal\/wp-json\/wp\/v2\/users\/1"}],"replies":[{"embeddable":true,"href":"https:\/\/elrotativo.com.mx\/portal\/wp-json\/wp\/v2\/comments?post=17874"}],"version-history":[{"count":1,"href":"https:\/\/elrotativo.com.mx\/portal\/wp-json\/wp\/v2\/posts\/17874\/revisions"}],"predecessor-version":[{"id":17881,"href":"https:\/\/elrotativo.com.mx\/portal\/wp-json\/wp\/v2\/posts\/17874\/revisions\/17881"}],"wp:featuredmedia":[{"embeddable":true,"href":"https:\/\/elrotativo.com.mx\/portal\/wp-json\/wp\/v2\/media\/17880"}],"wp:attachment":[{"href":"https:\/\/elrotativo.com.mx\/portal\/wp-json\/wp\/v2\/media?parent=17874"}],"wp:term":[{"taxonomy":"category","embeddable":true,"href":"https:\/\/elrotativo.com.mx\/portal\/wp-json\/wp\/v2\/categories?post=17874"},{"taxonomy":"post_tag","embeddable":true,"href":"https:\/\/elrotativo.com.mx\/portal\/wp-json\/wp\/v2\/tags?post=17874"}],"curies":[{"name":"wp","href":"https:\/\/api.w.org\/{rel}","templated":true}]}}