{"id":17867,"date":"2024-02-19T18:15:57","date_gmt":"2024-02-20T00:15:57","guid":{"rendered":"https:\/\/elrotativo.com.mx\/portal\/?p=17867"},"modified":"2024-02-19T18:15:58","modified_gmt":"2024-02-20T00:15:58","slug":"confirman-que-fueron-12-los-alpinistas-perdidos-en-el-pico-de-orizaba","status":"publish","type":"post","link":"https:\/\/elrotativo.com.mx\/portal\/confirman-que-fueron-12-los-alpinistas-perdidos-en-el-pico-de-orizaba\/","title":{"rendered":"Confirman que fueron 12 los alpinistas perdidos en el Pico de Orizaba"},"content":{"rendered":"\n<p class=\"wp-block-paragraph\"><strong><em>Una mujer falleci\u00f3; dos faltan de localiza y dos m\u00e1s se encuentran delicados de salud<\/em><\/strong><\/p>\n\n\n\n<p class=\"wp-block-paragraph\">Atzitzintla, Pue.- El gobierno estatal de Puebla, a trav\u00e9s de la Secretar\u00eda de Gobernaci\u00f3n (SEGOB), inform\u00f3 a trav\u00e9s de un comunicado que a\u00fan faltan de localizar dos alpinistas en el Pico de Orizaba, quienes pertenecen al grupo \u201cBarranCracks\u201d.<\/p>\n\n\n\n<p class=\"wp-block-paragraph\">Se trata de Luis N. y Jos\u00e9 Luis N., quienes se especula pudieron haber bajaron por el lado de Orizaba.<\/p>\n\n\n\n<p class=\"wp-block-paragraph\">De acuerdo con las autoridades, fue un grupo de 12 alpinistas y no de 11 como se inform\u00f3 al principio, quienes ascendieron al Pico de Orizaba por el municipio de Atzitzintla y cuando bajaban por la cara Norte, una nevada por la entrada del frente fr\u00edo 35 y la vaguada polar, los hizo perder el rumbo y estaban desaparecidos,<\/p>\n\n\n\n<p class=\"wp-block-paragraph\">De los 12, una persona logr\u00f3 llegar a la comunidad de Miguel Hidalgo, en el municipio de Tlachichuca, mientras que otras seis descendieron con rumbo hacia Atzitzintla y fueron atendidos en el refugio m\u00e1s cercano.<\/p>\n\n\n\n<p class=\"wp-block-paragraph\">Derivado de las condiciones climatol\u00f3gicas y las afectaciones de salud, falleci\u00f3 Jessica N., quien hab\u00eda sido localizada a 5 mil 200 metros de altitud, por lo que personal especializado trabaj\u00f3 en el descenso del cuerpo lo que se logr\u00f3 alrededor de las 14:30 horas de este lunes.<\/p>\n\n\n\n<p class=\"wp-block-paragraph\">por el momento la Coordinaci\u00f3n General de Protecci\u00f3n Civil Estatal, junto con 15 elementos de equipos de b\u00fasqueda y rescate de Cruz Roja y el Club \u00abAlpino M\u00e9xico\u00bb, realizan trabajos de barrido en la cara sur del volc\u00e1n para dar con el paradero de los extraviados. Actualmente, David N., Rodrigo N. y Andrea N. reciben atenci\u00f3n m\u00e9dica en el Hospital de Chalchicomula de Sesma, por afectaciones derivadas principalmente por hipotermia, fotoqueratitis y quemaduras por congelamiento; de igual manera, ocho rescatados est\u00e1n resguardados en el municipio.<\/p>\n","protected":false},"excerpt":{"rendered":"<p>Una mujer falleci\u00f3; dos faltan de localiza y dos m\u00e1s se encuentran delicados de salud Atzitzintla, Pue.- El gobierno estatal de Puebla, a trav\u00e9s de la Secretar\u00eda de Gobernaci\u00f3n (SEGOB), inform\u00f3 a trav\u00e9s de un comunicado que a\u00fan faltan de localizar dos alpinistas en el Pico de Orizaba, quienes pertenecen al grupo \u201cBarranCracks\u201d. Se trata [&hellip;]<\/p>\n","protected":false},"author":1,"featured_media":17871,"comment_status":"open","ping_status":"open","sticky":false,"template":"","format":"standard","meta":{"tdm_status":"","tdm_grid_status":"","footnotes":""},"categories":[26,10],"tags":[],"class_list":["post-17867","post","type-post","status-publish","format-standard","has-post-thumbnail","category-destacada-4","category-local-regional"],"_links":{"self":[{"href":"https:\/\/elrotativo.com.mx\/portal\/wp-json\/wp\/v2\/posts\/17867","targetHints":{"allow":["GET"]}}],"collection":[{"href":"https:\/\/elrotativo.com.mx\/portal\/wp-json\/wp\/v2\/posts"}],"about":[{"href":"https:\/\/elrotativo.com.mx\/portal\/wp-json\/wp\/v2\/types\/post"}],"author":[{"embeddable":true,"href":"https:\/\/elrotativo.com.mx\/portal\/wp-json\/wp\/v2\/users\/1"}],"replies":[{"embeddable":true,"href":"https:\/\/elrotativo.com.mx\/portal\/wp-json\/wp\/v2\/comments?post=17867"}],"version-history":[{"count":1,"href":"https:\/\/elrotativo.com.mx\/portal\/wp-json\/wp\/v2\/posts\/17867\/revisions"}],"predecessor-version":[{"id":17877,"href":"https:\/\/elrotativo.com.mx\/portal\/wp-json\/wp\/v2\/posts\/17867\/revisions\/17877"}],"wp:featuredmedia":[{"embeddable":true,"href":"https:\/\/elrotativo.com.mx\/portal\/wp-json\/wp\/v2\/media\/17871"}],"wp:attachment":[{"href":"https:\/\/elrotativo.com.mx\/portal\/wp-json\/wp\/v2\/media?parent=17867"}],"wp:term":[{"taxonomy":"category","embeddable":true,"href":"https:\/\/elrotativo.com.mx\/portal\/wp-json\/wp\/v2\/categories?post=17867"},{"taxonomy":"post_tag","embeddable":true,"href":"https:\/\/elrotativo.com.mx\/portal\/wp-json\/wp\/v2\/tags?post=17867"}],"curies":[{"name":"wp","href":"https:\/\/api.w.org\/{rel}","templated":true}]}}