{"id":17851,"date":"2024-02-18T11:30:06","date_gmt":"2024-02-18T17:30:06","guid":{"rendered":"https:\/\/elrotativo.com.mx\/portal\/?p=17851"},"modified":"2024-02-18T11:30:06","modified_gmt":"2024-02-18T17:30:06","slug":"se-suma-orizaba-a-marcha-por-la-democracia","status":"publish","type":"post","link":"https:\/\/elrotativo.com.mx\/portal\/se-suma-orizaba-a-marcha-por-la-democracia\/","title":{"rendered":"Se suma Orizaba a \u201cMarcha por la Democracia\u201d"},"content":{"rendered":"\n<p class=\"wp-block-paragraph\"><strong><em>Alrededor de 500 personas participan en esta manifestaci\u00f3n a pesar del frio y la lluvia<\/em><\/strong><\/p>\n\n\n\n<p class=\"wp-block-paragraph\">Orizaba, Ver.- Partiendo de la Plazoleta de Los Dolores ubicada en la Calle Oriente 6 y Sur 13, en la ciudad de Orizaba, alrededor de 500 personas se sumaron a la \u201cMarcha por la Democracia\u201d que se realiza a nivel nacional e internacional, en Orizaba a pesar de las inclemencias del tiempo.<\/p>\n\n\n\n<p class=\"wp-block-paragraph\">Se trata de personas integrantes de diferentes asociaciones civiles y ciudadan\u00eda en general, quienes salieron a la calle para sumarse a las diferentes manifestaciones que se est\u00e1n realizando en diferentes ciudades del pa\u00eds y el extranjero, con el objetivo de defender las libertades y para manifestar que se oponen a las reformas que propone el gobierno federal para desaparecer los organismos aut\u00f3nomos y para que el pa\u00eds se convierta en un pa\u00eds que adopte al comunismo.<\/p>\n\n\n\n<p class=\"wp-block-paragraph\">Encabezados por dos personas quienes portaban el l\u00e1baro patrio tricolor, el nutrido grupo, camin\u00f3 sobre esta calle, hasta llegar al centro de la ciudad en donde en el parque Apolinar Castillo leer\u00e1n un comunicado sobre el prop\u00f3sito de esta manifestaci\u00f3n.<\/p>\n\n\n\n<p class=\"wp-block-paragraph\">Con lonas, cartulinas y mantas y vestidos con colores blanco y rosos, al grito de \u201cqueremos democracia\u201d, los participantes recordaron que esta manifestaci\u00f3n no tiene tintes pol\u00edticos y son integrantes de organizaciones como \u201cFrente C\u00edvico Nacional, \u201cPoder Ciudadano\u201d,&nbsp; \u201cS\u00ed por M\u00e9xico\u201d, \u201cSociedad Civil M\u00e9xico\u201d, \u201cUNE M\u00e9xico\u201d y \u201cUnidos por M\u00e9xico\u201d.<\/p>\n\n\n\n<p class=\"wp-block-paragraph\"><\/p>\n\n\n\n<figure class=\"wp-block-image size-large\"><img loading=\"lazy\" decoding=\"async\" width=\"1024\" height=\"576\" src=\"https:\/\/elrotativo.com.mx\/portal\/wp-content\/uploads\/2024\/02\/33c73c15-1b35-45df-b359-2978c0b69d5a-1024x576.jpg\" alt=\"\" class=\"wp-image-17854\" srcset=\"https:\/\/elrotativo.com.mx\/portal\/wp-content\/uploads\/2024\/02\/33c73c15-1b35-45df-b359-2978c0b69d5a-1024x576.jpg 1024w, https:\/\/elrotativo.com.mx\/portal\/wp-content\/uploads\/2024\/02\/33c73c15-1b35-45df-b359-2978c0b69d5a-300x169.jpg 300w, https:\/\/elrotativo.com.mx\/portal\/wp-content\/uploads\/2024\/02\/33c73c15-1b35-45df-b359-2978c0b69d5a-768x432.jpg 768w, https:\/\/elrotativo.com.mx\/portal\/wp-content\/uploads\/2024\/02\/33c73c15-1b35-45df-b359-2978c0b69d5a-1536x864.jpg 1536w, https:\/\/elrotativo.com.mx\/portal\/wp-content\/uploads\/2024\/02\/33c73c15-1b35-45df-b359-2978c0b69d5a-150x84.jpg 150w, https:\/\/elrotativo.com.mx\/portal\/wp-content\/uploads\/2024\/02\/33c73c15-1b35-45df-b359-2978c0b69d5a-696x391.jpg 696w, https:\/\/elrotativo.com.mx\/portal\/wp-content\/uploads\/2024\/02\/33c73c15-1b35-45df-b359-2978c0b69d5a-1068x600.jpg 1068w, https:\/\/elrotativo.com.mx\/portal\/wp-content\/uploads\/2024\/02\/33c73c15-1b35-45df-b359-2978c0b69d5a.jpg 1599w\" sizes=\"auto, (max-width: 1024px) 100vw, 1024px\" \/><\/figure>\n","protected":false},"excerpt":{"rendered":"<p>Alrededor de 500 personas participan en esta manifestaci\u00f3n a pesar del frio y la lluvia Orizaba, Ver.- Partiendo de la Plazoleta de Los Dolores ubicada en la Calle Oriente 6 y Sur 13, en la ciudad de Orizaba, alrededor de 500 personas se sumaron a la \u201cMarcha por la Democracia\u201d que se realiza a nivel [&hellip;]<\/p>\n","protected":false},"author":1,"featured_media":17852,"comment_status":"open","ping_status":"open","sticky":false,"template":"","format":"standard","meta":{"tdm_status":"","tdm_grid_status":"","footnotes":""},"categories":[25,10],"tags":[],"class_list":["post-17851","post","type-post","status-publish","format-standard","has-post-thumbnail","category-destacada-1","category-local-regional"],"_links":{"self":[{"href":"https:\/\/elrotativo.com.mx\/portal\/wp-json\/wp\/v2\/posts\/17851","targetHints":{"allow":["GET"]}}],"collection":[{"href":"https:\/\/elrotativo.com.mx\/portal\/wp-json\/wp\/v2\/posts"}],"about":[{"href":"https:\/\/elrotativo.com.mx\/portal\/wp-json\/wp\/v2\/types\/post"}],"author":[{"embeddable":true,"href":"https:\/\/elrotativo.com.mx\/portal\/wp-json\/wp\/v2\/users\/1"}],"replies":[{"embeddable":true,"href":"https:\/\/elrotativo.com.mx\/portal\/wp-json\/wp\/v2\/comments?post=17851"}],"version-history":[{"count":1,"href":"https:\/\/elrotativo.com.mx\/portal\/wp-json\/wp\/v2\/posts\/17851\/revisions"}],"predecessor-version":[{"id":17855,"href":"https:\/\/elrotativo.com.mx\/portal\/wp-json\/wp\/v2\/posts\/17851\/revisions\/17855"}],"wp:featuredmedia":[{"embeddable":true,"href":"https:\/\/elrotativo.com.mx\/portal\/wp-json\/wp\/v2\/media\/17852"}],"wp:attachment":[{"href":"https:\/\/elrotativo.com.mx\/portal\/wp-json\/wp\/v2\/media?parent=17851"}],"wp:term":[{"taxonomy":"category","embeddable":true,"href":"https:\/\/elrotativo.com.mx\/portal\/wp-json\/wp\/v2\/categories?post=17851"},{"taxonomy":"post_tag","embeddable":true,"href":"https:\/\/elrotativo.com.mx\/portal\/wp-json\/wp\/v2\/tags?post=17851"}],"curies":[{"name":"wp","href":"https:\/\/api.w.org\/{rel}","templated":true}]}}