{"id":17843,"date":"2024-02-16T14:21:38","date_gmt":"2024-02-16T20:21:38","guid":{"rendered":"https:\/\/elrotativo.com.mx\/portal\/?p=17843"},"modified":"2024-02-16T14:21:39","modified_gmt":"2024-02-16T20:21:39","slug":"participan-32-parejas-en-bodas-colectivas-mendoza-2024","status":"publish","type":"post","link":"https:\/\/elrotativo.com.mx\/portal\/participan-32-parejas-en-bodas-colectivas-mendoza-2024\/","title":{"rendered":"Participan 32 parejas en Bodas Colectivas Mendoza 2024"},"content":{"rendered":"\n<p class=\"wp-block-paragraph\">Camerino Z Mendoza, Ver.- Con la finalidad de dar legalidad y certeza a su uni\u00f3n, 32 parejas del municipio de Camerino Z Mendoza se casaron en el marco de las \u201cBodas Colectivas realizadas por el Ayuntamiento de este lugar y el Sistema DIF Municipal.<\/p>\n\n\n\n<p class=\"wp-block-paragraph\">Fue en el sal\u00f3n de \u201cExpresidentes\u201d del Palacio Municipal de Camerino Z Mendoza, donde se dieron cita las parejas, acompa\u00f1ados de sus familias y amigos, teniendo como testigos al presidente municipal H\u00e9ctor Rodr\u00edguez Cort\u00e9s y a la presidenta del DIF Martha Elvia palestino Andrade.<\/p>\n\n\n\n<p class=\"wp-block-paragraph\">En la emotiva ceremonia, el encargado del Registro Civil Municipal fue quien record\u00f3 a las parejas la importancia de regularizar su estado civil, ya que esto proporciona garant\u00edas, derechos y obligaciones a las familias. De igual forma, como parte de la celebraci\u00f3n, el Ayuntamiento prepar\u00f3 un brindis con la participaci\u00f3n del conocido saxofonistas \u201cTavo\u201d quien ofreci\u00f3 el marco perfecto para que los esposos realizar\u00e1n su primer baile como reci\u00e9n casados.<\/p>\n","protected":false},"excerpt":{"rendered":"<p>Camerino Z Mendoza, Ver.- Con la finalidad de dar legalidad y certeza a su uni\u00f3n, 32 parejas del municipio de Camerino Z Mendoza se casaron en el marco de las \u201cBodas Colectivas realizadas por el Ayuntamiento de este lugar y el Sistema DIF Municipal. Fue en el sal\u00f3n de \u201cExpresidentes\u201d del Palacio Municipal de Camerino [&hellip;]<\/p>\n","protected":false},"author":1,"featured_media":17839,"comment_status":"open","ping_status":"open","sticky":false,"template":"","format":"standard","meta":{"tdm_status":"","tdm_grid_status":"","footnotes":""},"categories":[26,10],"tags":[],"class_list":["post-17843","post","type-post","status-publish","format-standard","has-post-thumbnail","category-destacada-4","category-local-regional"],"_links":{"self":[{"href":"https:\/\/elrotativo.com.mx\/portal\/wp-json\/wp\/v2\/posts\/17843","targetHints":{"allow":["GET"]}}],"collection":[{"href":"https:\/\/elrotativo.com.mx\/portal\/wp-json\/wp\/v2\/posts"}],"about":[{"href":"https:\/\/elrotativo.com.mx\/portal\/wp-json\/wp\/v2\/types\/post"}],"author":[{"embeddable":true,"href":"https:\/\/elrotativo.com.mx\/portal\/wp-json\/wp\/v2\/users\/1"}],"replies":[{"embeddable":true,"href":"https:\/\/elrotativo.com.mx\/portal\/wp-json\/wp\/v2\/comments?post=17843"}],"version-history":[{"count":1,"href":"https:\/\/elrotativo.com.mx\/portal\/wp-json\/wp\/v2\/posts\/17843\/revisions"}],"predecessor-version":[{"id":17845,"href":"https:\/\/elrotativo.com.mx\/portal\/wp-json\/wp\/v2\/posts\/17843\/revisions\/17845"}],"wp:featuredmedia":[{"embeddable":true,"href":"https:\/\/elrotativo.com.mx\/portal\/wp-json\/wp\/v2\/media\/17839"}],"wp:attachment":[{"href":"https:\/\/elrotativo.com.mx\/portal\/wp-json\/wp\/v2\/media?parent=17843"}],"wp:term":[{"taxonomy":"category","embeddable":true,"href":"https:\/\/elrotativo.com.mx\/portal\/wp-json\/wp\/v2\/categories?post=17843"},{"taxonomy":"post_tag","embeddable":true,"href":"https:\/\/elrotativo.com.mx\/portal\/wp-json\/wp\/v2\/tags?post=17843"}],"curies":[{"name":"wp","href":"https:\/\/api.w.org\/{rel}","templated":true}]}}