{"id":17834,"date":"2024-02-16T14:12:08","date_gmt":"2024-02-16T20:12:08","guid":{"rendered":"https:\/\/elrotativo.com.mx\/portal\/?p=17834"},"modified":"2024-02-16T14:12:09","modified_gmt":"2024-02-16T20:12:09","slug":"menor-de-edad-defiende-a-su-madre-y-abuelo-y-mata-a-machetazos-a-su-padrastro","status":"publish","type":"post","link":"https:\/\/elrotativo.com.mx\/portal\/menor-de-edad-defiende-a-su-madre-y-abuelo-y-mata-a-machetazos-a-su-padrastro\/","title":{"rendered":"Menor de edad defiende a su madre y abuelo y mata a machetazos a su padrastro"},"content":{"rendered":"\n<p class=\"wp-block-paragraph\"><\/p>\n\n\n\n<p class=\"wp-block-paragraph\">Rafael Delgado, Ver.- Cansado de los malos tratos que recib\u00edan de parte de su padrastro, un menor de edad dio muerte con un machete a la pareja de su madre, la madrugada de este viernes en el Segundo Barrio de Rafael Delgado.<\/p>\n\n\n\n<p class=\"wp-block-paragraph\">De acuerdo con los reportes, se conoci\u00f3 que el sujeto identificado como Juan \u201cN\u201d de 53 a\u00f1os, arrib\u00f3 al domicilio en estado inconveniente y empez\u00f3 a discutir con su mujer a quien atac\u00f3 a pu\u00f1etazos, por lo que el hijo de la se\u00f1ora de 13 a\u00f1os intervino, siendo golpeado tambi\u00e9n por el hombre<\/p>\n\n\n\n<p class=\"wp-block-paragraph\">Al escuchar la trifulca, el padre de la se\u00f1ora intervino, sin embargo, fue lesionado por el hombre con un machete en el brazo y costado del cuerpo, quedando gravemente herido el anciano.<\/p>\n\n\n\n<p class=\"wp-block-paragraph\">Fue entonces cuando Carlos \u201cN\u201d de 13 a\u00f1os, tomo fuerza y valor debido a que observ\u00f3 como su madre y abuelo eran golpeados y heridos, y con el machete entre sus manos atac\u00f3 a su padrastro, logrando herirlo de varios machetazos en el cuerpo y cabeza.<\/p>\n\n\n\n<p class=\"wp-block-paragraph\">Debido a ello al lugar arribaron polic\u00edas municipales quienes detuvieron al ni\u00f1o quien fue puesto a disposici\u00f3n de las autoridades competentes, para que se defina su situaci\u00f3n jur\u00eddica por ser menor de edad.<br><\/p>\n","protected":false},"excerpt":{"rendered":"<p>Rafael Delgado, Ver.- Cansado de los malos tratos que recib\u00edan de parte de su padrastro, un menor de edad dio muerte con un machete a la pareja de su madre, la madrugada de este viernes en el Segundo Barrio de Rafael Delgado. De acuerdo con los reportes, se conoci\u00f3 que el sujeto identificado como Juan [&hellip;]<\/p>\n","protected":false},"author":1,"featured_media":17837,"comment_status":"open","ping_status":"open","sticky":false,"template":"","format":"standard","meta":{"tdm_status":"","tdm_grid_status":"","footnotes":""},"categories":[25,10],"tags":[],"class_list":["post-17834","post","type-post","status-publish","format-standard","has-post-thumbnail","category-destacada-1","category-local-regional"],"_links":{"self":[{"href":"https:\/\/elrotativo.com.mx\/portal\/wp-json\/wp\/v2\/posts\/17834","targetHints":{"allow":["GET"]}}],"collection":[{"href":"https:\/\/elrotativo.com.mx\/portal\/wp-json\/wp\/v2\/posts"}],"about":[{"href":"https:\/\/elrotativo.com.mx\/portal\/wp-json\/wp\/v2\/types\/post"}],"author":[{"embeddable":true,"href":"https:\/\/elrotativo.com.mx\/portal\/wp-json\/wp\/v2\/users\/1"}],"replies":[{"embeddable":true,"href":"https:\/\/elrotativo.com.mx\/portal\/wp-json\/wp\/v2\/comments?post=17834"}],"version-history":[{"count":1,"href":"https:\/\/elrotativo.com.mx\/portal\/wp-json\/wp\/v2\/posts\/17834\/revisions"}],"predecessor-version":[{"id":17840,"href":"https:\/\/elrotativo.com.mx\/portal\/wp-json\/wp\/v2\/posts\/17834\/revisions\/17840"}],"wp:featuredmedia":[{"embeddable":true,"href":"https:\/\/elrotativo.com.mx\/portal\/wp-json\/wp\/v2\/media\/17837"}],"wp:attachment":[{"href":"https:\/\/elrotativo.com.mx\/portal\/wp-json\/wp\/v2\/media?parent=17834"}],"wp:term":[{"taxonomy":"category","embeddable":true,"href":"https:\/\/elrotativo.com.mx\/portal\/wp-json\/wp\/v2\/categories?post=17834"},{"taxonomy":"post_tag","embeddable":true,"href":"https:\/\/elrotativo.com.mx\/portal\/wp-json\/wp\/v2\/tags?post=17834"}],"curies":[{"name":"wp","href":"https:\/\/api.w.org\/{rel}","templated":true}]}}