{"id":17812,"date":"2024-02-15T17:11:35","date_gmt":"2024-02-15T23:11:35","guid":{"rendered":"https:\/\/elrotativo.com.mx\/portal\/?p=17812"},"modified":"2024-02-15T17:11:36","modified_gmt":"2024-02-15T23:11:36","slug":"se-sumaran-en-orizaba-a-marcha-nacional-por-la-democracia","status":"publish","type":"post","link":"https:\/\/elrotativo.com.mx\/portal\/se-sumaran-en-orizaba-a-marcha-nacional-por-la-democracia\/","title":{"rendered":"Se sumar\u00e1n en Orizaba a\u00a0 \u201cMarcha Nacional por la Democracia\u201d"},"content":{"rendered":"\n<p class=\"wp-block-paragraph\">Orizaba, Ver.- Integrantes de diversas asociaciones civiles de Orizaba y la regi\u00f3n, se sumar\u00e1n el pr\u00f3ximo domingo 18 de febrero a la \u201cMarcha por la Defensa de la Democracia\u201c que se llevar\u00e1 a cabo por las principales calles de esta ciudad, infirm\u00f3 el integrante de la organizaci\u00f3n \u201cPoder Ciudadano\u201d Tomas Trueba Graci\u00e1n.<\/p>\n\n\n\n<p class=\"wp-block-paragraph\">En rueda de prensa, expuso que ante la situaci\u00f3n que esta viviendo el pa\u00eds por las decisiones de las autoridades federales, sin siglas partidistas buscan defender la democracia y libertad, pues quieren que M\u00e9xico siga siendo un pa\u00eds libre en donde imperen leyes en favor de los mexicanos.<\/p>\n\n\n\n<p class=\"wp-block-paragraph\">\u00abMuchas veces ustedes ven como salen leyes en los poderes legislativos y no se cumplen y no hace falta que hagan m\u00e1s leyes, sino que se apliquen y se respeten; por eso participamos. Nosotros nos enfocamos m\u00e1s hacia el Legislativo, para ver qu\u00e9 est\u00e1n haciendo porque se deben a M\u00e9xico, a nosotros los ciudadanos\u00bb.<\/p>\n\n\n\n<p class=\"wp-block-paragraph\">De igual forma, expres\u00f3 su preocupaci\u00f3n por el riesgo de caer en una dictadura en M\u00e9xico, debido a la posible desaparici\u00f3n de organismos aut\u00f3nomos, el incumplimiento de la ley y la creciente inseguridad como factores que generan aprehensi\u00f3n entre los ciudadanos.<\/p>\n\n\n\n<p class=\"wp-block-paragraph\">Se\u00f1al\u00f3 que el temor se intensifica al observar la influencia del crimen organizado en la esfera pol\u00edtica, especialmente en estados como Guerrero, Michoac\u00e1n y Sonora, donde la designaci\u00f3n de candidatos se convierte en un claro ejemplo de focos rojos en temas de seguridad. Finalmente record\u00f3 que esta iniciativa es impulsada por 200 organizaciones ciudadanas a nivel nacional, que buscan movilizar a los ciudadanos para defender las instituciones electorales, la justicia y, sobre todo, la Constituci\u00f3n Pol\u00edtica de M\u00e9xico. \u201dLa marcha no tiene como objetivo respaldar a alg\u00fan candidato o partido, sino defender la democracia, la libertad y el imperio de la ley en M\u00e9xico\u201d.<\/p>\n","protected":false},"excerpt":{"rendered":"<p>Orizaba, Ver.- Integrantes de diversas asociaciones civiles de Orizaba y la regi\u00f3n, se sumar\u00e1n el pr\u00f3ximo domingo 18 de febrero a la \u201cMarcha por la Defensa de la Democracia\u201c que se llevar\u00e1 a cabo por las principales calles de esta ciudad, infirm\u00f3 el integrante de la organizaci\u00f3n \u201cPoder Ciudadano\u201d Tomas Trueba Graci\u00e1n. En rueda de [&hellip;]<\/p>\n","protected":false},"author":1,"featured_media":17820,"comment_status":"open","ping_status":"open","sticky":false,"template":"","format":"standard","meta":{"tdm_status":"","tdm_grid_status":"","footnotes":""},"categories":[26,10],"tags":[],"class_list":["post-17812","post","type-post","status-publish","format-standard","has-post-thumbnail","category-destacada-4","category-local-regional"],"_links":{"self":[{"href":"https:\/\/elrotativo.com.mx\/portal\/wp-json\/wp\/v2\/posts\/17812","targetHints":{"allow":["GET"]}}],"collection":[{"href":"https:\/\/elrotativo.com.mx\/portal\/wp-json\/wp\/v2\/posts"}],"about":[{"href":"https:\/\/elrotativo.com.mx\/portal\/wp-json\/wp\/v2\/types\/post"}],"author":[{"embeddable":true,"href":"https:\/\/elrotativo.com.mx\/portal\/wp-json\/wp\/v2\/users\/1"}],"replies":[{"embeddable":true,"href":"https:\/\/elrotativo.com.mx\/portal\/wp-json\/wp\/v2\/comments?post=17812"}],"version-history":[{"count":1,"href":"https:\/\/elrotativo.com.mx\/portal\/wp-json\/wp\/v2\/posts\/17812\/revisions"}],"predecessor-version":[{"id":17823,"href":"https:\/\/elrotativo.com.mx\/portal\/wp-json\/wp\/v2\/posts\/17812\/revisions\/17823"}],"wp:featuredmedia":[{"embeddable":true,"href":"https:\/\/elrotativo.com.mx\/portal\/wp-json\/wp\/v2\/media\/17820"}],"wp:attachment":[{"href":"https:\/\/elrotativo.com.mx\/portal\/wp-json\/wp\/v2\/media?parent=17812"}],"wp:term":[{"taxonomy":"category","embeddable":true,"href":"https:\/\/elrotativo.com.mx\/portal\/wp-json\/wp\/v2\/categories?post=17812"},{"taxonomy":"post_tag","embeddable":true,"href":"https:\/\/elrotativo.com.mx\/portal\/wp-json\/wp\/v2\/tags?post=17812"}],"curies":[{"name":"wp","href":"https:\/\/api.w.org\/{rel}","templated":true}]}}