{"id":17807,"date":"2024-02-15T11:31:05","date_gmt":"2024-02-15T17:31:05","guid":{"rendered":"https:\/\/elrotativo.com.mx\/portal\/?p=17807"},"modified":"2024-02-15T17:06:20","modified_gmt":"2024-02-15T23:06:20","slug":"realizan-camioneros-paro-en-zona-de-orizaba","status":"publish","type":"post","link":"https:\/\/elrotativo.com.mx\/portal\/realizan-camioneros-paro-en-zona-de-orizaba\/","title":{"rendered":"Cientos de operadores salieron a las carreteras de la regi\u00f3n"},"content":{"rendered":"\n<p class=\"wp-block-paragraph\"><em><strong>piden\u00a0 m\u00e1s seguridad en carreteas entre otras cosas<\/strong><\/em><\/p>\n\n\n\n<p class=\"wp-block-paragraph\">Orizaba, Ver.-&nbsp; Apostados en el paradero de San Crist\u00f3bal del municipio de Huiloapan y el Rinc\u00f3n de las Doncellas en Nogales, integrantes de la Asociaci\u00f3n Mexicana de Organizaciones de Transportistas (Amotac), realizaron este jueves, marchas lentas en las carreteras de la regi\u00f3n de Orizaba-Ciudad Mendoza, para exigir a las autoridades federales, se atiendas sus demandas.<\/p>\n\n\n\n<p class=\"wp-block-paragraph\">En entrevista el delegado regional de Amotac en Orizaba Aldo Romero Lezama, detall\u00f3 que esta manifestaci\u00f3n se realiza a nivel nacional, pues entre sus peticiones se encuentran diversas situaciones que afectan al sector, entre ellos la inseguridad as\u00ed como la solicitud de la prohibici\u00f3n del veh\u00edculo doblemente articulado, la regulaci\u00f3n del parque vehicular, el emplazamiento por parte de la Secretar\u00eda de Infraestructura, Comunicaciones y Transportes (SICT), tarifas oficiales de operaci\u00f3n para el transporte de carga y reclasificaci\u00f3n de carreteras, entre otros.<\/p>\n\n\n\n<p class=\"wp-block-paragraph\">\u201cotras de las peticiones, son un reglamento de gr\u00faas: que se aplique de manera tajante en el \u00e1mbito estatal y federal; permiso municipal: No est\u00e1n de acuerdo, ni dispuestos a pagar un permiso por el simple hecho de realizar su trabajo. Exigen que se detengan abusos y extorciones por elementos de las diferentes corporaciones polic\u00edas (Municipal, Estatal, Federal, incluyendo ministeriales) y la devoluci\u00f3n de las carreteras federales, pues algunos gobiernos las hicieron de cuota\u201d.<\/p>\n\n\n\n<p class=\"wp-block-paragraph\">Tras reunirse en ambos puntos desde antes de las 08:00 horas alrededor de las 11:00 salieron en marcha lenta hacia el norte de la autopista 150-D Orizaba-Ciudad Mendoza, mientras otro grupo se dirig\u00eda sobre la carretera federal por los municipios de Camerino Z Mendoza, Nogales, R\u00edo Blanco, Orizaba, en busca de llegar a C\u00f3rdoba, lo que gener\u00f3 un caos vial en esta zona.<\/p>\n\n\n\n<p class=\"wp-block-paragraph\">Por su parte el delegado nacional de Amotac Valent\u00edn Romero Trujillo, expuso que no tolerar\u00e1n m\u00e1s atropellos por parte de la autoridad federal. \u201cYa no aguantamos, vamos pedidos al gobierno que nos dejen trabajar, no somos delincuentes y no matamos gente. A las autoridades de tr\u00e1nsito ven un cami\u00f3n y luego lo agarran y exigen documentos que no les compete\u00bb.<\/p>\n\n\n\n<p class=\"wp-block-paragraph\">Detall\u00f3 que el l\u00edder nacional acudi\u00f3 a di\u00e1logo y el gobierno no cedi\u00f3, por lo que este d\u00eda se opt\u00f3 por hacer la marcha y en el transcurso de este d\u00eda se est\u00e1 en pl\u00e1ticas en espera de una respuesta, \u00abesperemos que tengamos respuesta inmediata para que nos podamos levantar y si no es posible nos quedamos dos o tres d\u00edas\u00bb.<\/p>\n\n\n\n<p class=\"wp-block-paragraph\">Es de mencionar que este paro se realiza a nivel nacional en diferentes carreteras y autopistas de estados como Jalisco, Puebla, Veracruz, Nuevo Le\u00f3n, Guanajuato, Tamaulipas, Ciudad de M\u00e9xico y Estado de M\u00e9xico en busca de que el Gobierno garantice la seguridad de los operadores y del transporte en general que utiliza las v\u00edas de comunicaci\u00f3n.<\/p>\n\n\n\n<p class=\"wp-block-paragraph\"><\/p>\n","protected":false},"excerpt":{"rendered":"<p>piden\u00a0 m\u00e1s seguridad en carreteas entre otras cosas Orizaba, Ver.-&nbsp; Apostados en el paradero de San Crist\u00f3bal del municipio de Huiloapan y el Rinc\u00f3n de las Doncellas en Nogales, integrantes de la Asociaci\u00f3n Mexicana de Organizaciones de Transportistas (Amotac), realizaron este jueves, marchas lentas en las carreteras de la regi\u00f3n de Orizaba-Ciudad Mendoza, para exigir [&hellip;]<\/p>\n","protected":false},"author":1,"featured_media":17816,"comment_status":"open","ping_status":"open","sticky":false,"template":"","format":"standard","meta":{"tdm_status":"","tdm_grid_status":"","footnotes":""},"categories":[26,10],"tags":[],"class_list":["post-17807","post","type-post","status-publish","format-standard","has-post-thumbnail","category-destacada-4","category-local-regional"],"_links":{"self":[{"href":"https:\/\/elrotativo.com.mx\/portal\/wp-json\/wp\/v2\/posts\/17807","targetHints":{"allow":["GET"]}}],"collection":[{"href":"https:\/\/elrotativo.com.mx\/portal\/wp-json\/wp\/v2\/posts"}],"about":[{"href":"https:\/\/elrotativo.com.mx\/portal\/wp-json\/wp\/v2\/types\/post"}],"author":[{"embeddable":true,"href":"https:\/\/elrotativo.com.mx\/portal\/wp-json\/wp\/v2\/users\/1"}],"replies":[{"embeddable":true,"href":"https:\/\/elrotativo.com.mx\/portal\/wp-json\/wp\/v2\/comments?post=17807"}],"version-history":[{"count":2,"href":"https:\/\/elrotativo.com.mx\/portal\/wp-json\/wp\/v2\/posts\/17807\/revisions"}],"predecessor-version":[{"id":17818,"href":"https:\/\/elrotativo.com.mx\/portal\/wp-json\/wp\/v2\/posts\/17807\/revisions\/17818"}],"wp:featuredmedia":[{"embeddable":true,"href":"https:\/\/elrotativo.com.mx\/portal\/wp-json\/wp\/v2\/media\/17816"}],"wp:attachment":[{"href":"https:\/\/elrotativo.com.mx\/portal\/wp-json\/wp\/v2\/media?parent=17807"}],"wp:term":[{"taxonomy":"category","embeddable":true,"href":"https:\/\/elrotativo.com.mx\/portal\/wp-json\/wp\/v2\/categories?post=17807"},{"taxonomy":"post_tag","embeddable":true,"href":"https:\/\/elrotativo.com.mx\/portal\/wp-json\/wp\/v2\/tags?post=17807"}],"curies":[{"name":"wp","href":"https:\/\/api.w.org\/{rel}","templated":true}]}}