{"id":1618,"date":"2022-05-31T02:10:59","date_gmt":"2022-05-31T07:10:59","guid":{"rendered":"https:\/\/elrotativo.mx\/portal\/?p=1618"},"modified":"2022-05-31T02:11:01","modified_gmt":"2022-05-31T07:11:01","slug":"exigen-reinstalacion-de-maestro-en-mixtla-de-altamirano","status":"publish","type":"post","link":"https:\/\/elrotativo.com.mx\/portal\/exigen-reinstalacion-de-maestro-en-mixtla-de-altamirano\/","title":{"rendered":"Exigen reinstalaci\u00f3n de maestro en Mixtla de Altamirano"},"content":{"rendered":"\n<p class=\"wp-block-paragraph\"><strong>*Toman Delegaci\u00f3n de la SEV y primaria Leona Vicario<\/strong><\/p>\n\n\n\n<p class=\"wp-block-paragraph\">Mixtla de Altamirano, Ver.- Mediante una protesta y plant\u00f3n, padres de familia de la escuela primaria estatal \u201cLeona Vicario\u201d del municipio de Mixtla de Altamirano se apoderaron del plantel y la Delegaci\u00f3n de la Secretar\u00eda de Educaci\u00f3n de Veracruz con sede en Zongolica para exigir la reinstalaci\u00f3n de un profesor.<\/p>\n\n\n\n<p class=\"wp-block-paragraph\">Los inconformes pidieron a las autoridades que se reinstale el maestro&nbsp;Ismael Mart\u00ednez Hern\u00e1ndez, quien fue suspendido por la Direcci\u00f3n General Estatal de Educaci\u00f3n Ind\u00edgena.<\/p>\n\n\n\n<p class=\"wp-block-paragraph\">Hicieron saber que el docente&nbsp;pertenece a la zona 043 del municipio de Texhuacan y aseguraron que se ha caracterizado por ser un maestro con excelente capacidad y su conducta intachable, motivo por el que los Padres de Familia exigen que lo reinstalen este mismo lunes 30 de mayo.<\/p>\n\n\n\n<p class=\"wp-block-paragraph\">Horas m\u00e1s tarde, les dieron a conocer que el maestro se reincorporar\u00eda este martes y los inconformes se retiraron.<\/p>\n","protected":false},"excerpt":{"rendered":"<p>*Toman Delegaci\u00f3n de la SEV y primaria Leona Vicario Mixtla de Altamirano, Ver.- Mediante una protesta y plant\u00f3n, padres de familia de la escuela primaria estatal \u201cLeona Vicario\u201d del municipio de Mixtla de Altamirano se apoderaron del plantel y la Delegaci\u00f3n de la Secretar\u00eda de Educaci\u00f3n de Veracruz con sede en Zongolica para exigir la [&hellip;]<\/p>\n","protected":false},"author":4,"featured_media":1619,"comment_status":"open","ping_status":"open","sticky":false,"template":"","format":"standard","meta":{"tdm_status":"","tdm_grid_status":"","footnotes":""},"categories":[26,10],"tags":[],"class_list":["post-1618","post","type-post","status-publish","format-standard","has-post-thumbnail","category-destacada-4","category-local-regional"],"_links":{"self":[{"href":"https:\/\/elrotativo.com.mx\/portal\/wp-json\/wp\/v2\/posts\/1618","targetHints":{"allow":["GET"]}}],"collection":[{"href":"https:\/\/elrotativo.com.mx\/portal\/wp-json\/wp\/v2\/posts"}],"about":[{"href":"https:\/\/elrotativo.com.mx\/portal\/wp-json\/wp\/v2\/types\/post"}],"author":[{"embeddable":true,"href":"https:\/\/elrotativo.com.mx\/portal\/wp-json\/wp\/v2\/users\/4"}],"replies":[{"embeddable":true,"href":"https:\/\/elrotativo.com.mx\/portal\/wp-json\/wp\/v2\/comments?post=1618"}],"version-history":[{"count":1,"href":"https:\/\/elrotativo.com.mx\/portal\/wp-json\/wp\/v2\/posts\/1618\/revisions"}],"predecessor-version":[{"id":1620,"href":"https:\/\/elrotativo.com.mx\/portal\/wp-json\/wp\/v2\/posts\/1618\/revisions\/1620"}],"wp:featuredmedia":[{"embeddable":true,"href":"https:\/\/elrotativo.com.mx\/portal\/wp-json\/wp\/v2\/media\/1619"}],"wp:attachment":[{"href":"https:\/\/elrotativo.com.mx\/portal\/wp-json\/wp\/v2\/media?parent=1618"}],"wp:term":[{"taxonomy":"category","embeddable":true,"href":"https:\/\/elrotativo.com.mx\/portal\/wp-json\/wp\/v2\/categories?post=1618"},{"taxonomy":"post_tag","embeddable":true,"href":"https:\/\/elrotativo.com.mx\/portal\/wp-json\/wp\/v2\/tags?post=1618"}],"curies":[{"name":"wp","href":"https:\/\/api.w.org\/{rel}","templated":true}]}}