{"id":14649,"date":"2023-04-29T13:45:45","date_gmt":"2023-04-29T19:45:45","guid":{"rendered":"https:\/\/elrotativo.mx\/portal\/?p=14649"},"modified":"2023-04-29T13:45:48","modified_gmt":"2023-04-29T19:45:48","slug":"concluyen-actividades-de-desazolve-de-represa-el-infiernillo","status":"publish","type":"post","link":"https:\/\/elrotativo.com.mx\/portal\/concluyen-actividades-de-desazolve-de-represa-el-infiernillo\/","title":{"rendered":"<strong>Concluyen actividades de desazolve de represa \u00abEl Infiernillo\u00bb<\/strong>"},"content":{"rendered":"\n<p><strong>*Se cumpli\u00f3 la meta de extracci\u00f3n, carga y acarreo de material p\u00e9treo con un volumen de 40 mil 656 metros c\u00fabicos<\/strong><\/p>\n\n\n\n<p>Nogales, Ver.- Con la intenci\u00f3n de evitar inundaciones durante la temporada de lluvias, en la zona de alto riesgo que abarca los municipios de Ciudad Mendoza, Nogales Veracruz y Huiloapan, dependencias y ayuntamientos entregaron hoy oficialmente los trabajos de desazolve de la presa retenedora de s\u00f3lidos \u00abEl Infiernillo\u00bb.<\/p>\n\n\n\n<p>PEMEX en conjunto con CAEV y gobiernos municipales de la zona otorgaron recursos econ\u00f3micos para ejecutar los trabajos de prevenci\u00f3n.<\/p>\n\n\n\n<p>Juan Felipe S\u00e1nchez Guzm\u00e1n, director de obras p\u00fablicas municipal Nogales Veracruz, agradeci\u00f3 los trabajos que en materia de protecci\u00f3n civil, respaldaron tambi\u00e9n la Comisi\u00f3n de Agua del Estado de Veracruz (CAEV) y Petr\u00f3leos Mexicanos (PEMEX).<\/p>\n\n\n\n<p>Los trabajos de desazolve, iniciaron el 6 de Marzo y ante el adelanto de la temporada de precipitaciones pluviales, quedaron terminados el 21 de abril.<\/p>\n\n\n\n<p>A la ceremonia de esta tarde, asistieron los alcaldes de Nogales Veracruz y Camerino Z. Mendoza, Ernesto Torres Navarro y H\u00e9ctor Rodr\u00edguez Cort\u00e9s e integrantes de ambos cabildos; gobiernos municipales que aportaron cada uno la cantidad de 956 mil pesos.<\/p>\n\n\n\n<p><\/p>\n","protected":false},"excerpt":{"rendered":"<p>*Se cumpli\u00f3 la meta de extracci\u00f3n, carga y acarreo de material p\u00e9treo con un volumen de 40 mil 656 metros c\u00fabicos Nogales, Ver.- Con la intenci\u00f3n de evitar inundaciones durante la temporada de lluvias, en la zona de alto riesgo que abarca los municipios de Ciudad Mendoza, Nogales Veracruz y Huiloapan, dependencias y ayuntamientos entregaron [&hellip;]<\/p>\n","protected":false},"author":1,"featured_media":14643,"comment_status":"open","ping_status":"open","sticky":false,"template":"","format":"standard","meta":{"rop_custom_images_group":[],"rop_custom_messages_group":[],"rop_publish_now":"initial","rop_publish_now_accounts":{"facebook_2001103103558832_1797403930571497":""},"rop_publish_now_history":[],"rop_publish_now_status":"pending","tdm_status":"","tdm_grid_status":"","footnotes":""},"categories":[10],"tags":[],"class_list":{"0":"post-14649","1":"post","2":"type-post","3":"status-publish","4":"format-standard","5":"has-post-thumbnail","7":"category-local-regional"},"_links":{"self":[{"href":"https:\/\/elrotativo.com.mx\/portal\/wp-json\/wp\/v2\/posts\/14649","targetHints":{"allow":["GET"]}}],"collection":[{"href":"https:\/\/elrotativo.com.mx\/portal\/wp-json\/wp\/v2\/posts"}],"about":[{"href":"https:\/\/elrotativo.com.mx\/portal\/wp-json\/wp\/v2\/types\/post"}],"author":[{"embeddable":true,"href":"https:\/\/elrotativo.com.mx\/portal\/wp-json\/wp\/v2\/users\/1"}],"replies":[{"embeddable":true,"href":"https:\/\/elrotativo.com.mx\/portal\/wp-json\/wp\/v2\/comments?post=14649"}],"version-history":[{"count":1,"href":"https:\/\/elrotativo.com.mx\/portal\/wp-json\/wp\/v2\/posts\/14649\/revisions"}],"predecessor-version":[{"id":14650,"href":"https:\/\/elrotativo.com.mx\/portal\/wp-json\/wp\/v2\/posts\/14649\/revisions\/14650"}],"wp:featuredmedia":[{"embeddable":true,"href":"https:\/\/elrotativo.com.mx\/portal\/wp-json\/wp\/v2\/media\/14643"}],"wp:attachment":[{"href":"https:\/\/elrotativo.com.mx\/portal\/wp-json\/wp\/v2\/media?parent=14649"}],"wp:term":[{"taxonomy":"category","embeddable":true,"href":"https:\/\/elrotativo.com.mx\/portal\/wp-json\/wp\/v2\/categories?post=14649"},{"taxonomy":"post_tag","embeddable":true,"href":"https:\/\/elrotativo.com.mx\/portal\/wp-json\/wp\/v2\/tags?post=14649"}],"curies":[{"name":"wp","href":"https:\/\/api.w.org\/{rel}","templated":true}]}}