{"id":14639,"date":"2023-04-29T13:44:46","date_gmt":"2023-04-29T19:44:46","guid":{"rendered":"https:\/\/elrotativo.mx\/portal\/?p=14639"},"modified":"2023-04-29T13:44:47","modified_gmt":"2023-04-29T19:44:47","slug":"rindio-toma-protesta-cabildo-infantil-2023-en-nogales","status":"publish","type":"post","link":"https:\/\/elrotativo.com.mx\/portal\/rindio-toma-protesta-cabildo-infantil-2023-en-nogales\/","title":{"rendered":"<strong>Rindi\u00f3 toma protesta cabildo infantil 2023 en Nogales<\/strong>"},"content":{"rendered":"\n<p>Nogales, Ver.- En el marco de los festejos alusivos al D\u00eda del ni\u00f1o, el pasado 27 de abril, tuvo lugar la sesi\u00f3n solemne de toma de protesta del Cabildo Infantil 2023 encabezado por el ni\u00f1o \u00c1ngel Gabriel Aguilar Pedraza, elegido como presidente municipal por un d\u00eda.<\/p>\n\n\n\n<p>En un evento realizado en el palacio municipal, las y los ocho ni\u00f1os electos tomaron protesta como titulares de regidur\u00edas y sindicatura, tambi\u00e9n asumieron Secretario del ayuntamiento, tesorero y oficial mayor.<\/p>\n\n\n\n<p>El presidente municipal, Ernesto Torres Navarro, expres\u00f3 su benepl\u00e1cito por la amplia participaci\u00f3n de la ni\u00f1ez en esta actividad y destac\u00f3 la voluntad del Ayuntamiento de Nogales Veracruz para promover la participaci\u00f3n responsable e informada de ni\u00f1as y ni\u00f1os en la toma de decisiones.<\/p>\n\n\n\n<p>\u201cMuy orgulloso de nuestras ni\u00f1as y ni\u00f1os. Hoy toma protesta un cabildo incluyente que se configura como un espacio propicio para escuchar opiniones, necesidades e intereses, inculcando, desde edades tempranas, una cultura de participaci\u00f3n pol\u00edtica propositiva donde se detonen iniciativas que incidan directamente en el beneficio de la poblaci\u00f3n infantil\u201d, destac\u00f3 Torres Navarro.<\/p>\n\n\n\n<p>La directora de Educaci\u00f3n municipal, Beatriz Hern\u00e1ndez Bonilla dio a conocer que, como parte del reconocimiento e incentivos otorgados a las y los ediles infantiles, se les entregaron juguetes y conocieron las oficinas de los ediles, para conocer c\u00f3mo es un d\u00eda de trabajo en la administraci\u00f3n municipal.<\/p>\n\n\n\n<p>El Cabildo Infantil 2023 qued\u00f3 integrado por \u00c1ngel Gabriel Aguilar Pedraza, como Presidente Municipal; Cristian Yanet Ferrer J\u00edmenez, Secretaria del Ayuntamiento; Karen Bernardino Nieto, S\u00edndico; Jos\u00e9 Luis Contreras Lorenzo, primer regidor; Fernanda Daniela Rivera Garc\u00eda, segunda regidora; Viviana Trujillo Romero, tercera regidora, Zuriel Baizabal Jim\u00e9nez, Tesorero y Jordan Medina Fabian, Oficial Mayor.<\/p>\n\n\n\n<p>Los integrantes del cabildo infantil 2023, acompa\u00f1aron en sus actividades a todos los integrantes del cuerpo edilicio y plantearon algunas inquietudes c\u00f3mo espacios deportivos, de recreaci\u00f3n y orientaci\u00f3n vocacional.<\/p>\n","protected":false},"excerpt":{"rendered":"<p>Nogales, Ver.- En el marco de los festejos alusivos al D\u00eda del ni\u00f1o, el pasado 27 de abril, tuvo lugar la sesi\u00f3n solemne de toma de protesta del Cabildo Infantil 2023 encabezado por el ni\u00f1o \u00c1ngel Gabriel Aguilar Pedraza, elegido como presidente municipal por un d\u00eda. En un evento realizado en el palacio municipal, las [&hellip;]<\/p>\n","protected":false},"author":1,"featured_media":14641,"comment_status":"open","ping_status":"open","sticky":false,"template":"","format":"standard","meta":{"rop_custom_images_group":[],"rop_custom_messages_group":[],"rop_publish_now":"initial","rop_publish_now_accounts":{"facebook_2001103103558832_1797403930571497":""},"rop_publish_now_history":[],"rop_publish_now_status":"pending","tdm_status":"","tdm_grid_status":"","footnotes":""},"categories":[10],"tags":[],"class_list":{"0":"post-14639","1":"post","2":"type-post","3":"status-publish","4":"format-standard","5":"has-post-thumbnail","7":"category-local-regional"},"_links":{"self":[{"href":"https:\/\/elrotativo.com.mx\/portal\/wp-json\/wp\/v2\/posts\/14639","targetHints":{"allow":["GET"]}}],"collection":[{"href":"https:\/\/elrotativo.com.mx\/portal\/wp-json\/wp\/v2\/posts"}],"about":[{"href":"https:\/\/elrotativo.com.mx\/portal\/wp-json\/wp\/v2\/types\/post"}],"author":[{"embeddable":true,"href":"https:\/\/elrotativo.com.mx\/portal\/wp-json\/wp\/v2\/users\/1"}],"replies":[{"embeddable":true,"href":"https:\/\/elrotativo.com.mx\/portal\/wp-json\/wp\/v2\/comments?post=14639"}],"version-history":[{"count":1,"href":"https:\/\/elrotativo.com.mx\/portal\/wp-json\/wp\/v2\/posts\/14639\/revisions"}],"predecessor-version":[{"id":14648,"href":"https:\/\/elrotativo.com.mx\/portal\/wp-json\/wp\/v2\/posts\/14639\/revisions\/14648"}],"wp:featuredmedia":[{"embeddable":true,"href":"https:\/\/elrotativo.com.mx\/portal\/wp-json\/wp\/v2\/media\/14641"}],"wp:attachment":[{"href":"https:\/\/elrotativo.com.mx\/portal\/wp-json\/wp\/v2\/media?parent=14639"}],"wp:term":[{"taxonomy":"category","embeddable":true,"href":"https:\/\/elrotativo.com.mx\/portal\/wp-json\/wp\/v2\/categories?post=14639"},{"taxonomy":"post_tag","embeddable":true,"href":"https:\/\/elrotativo.com.mx\/portal\/wp-json\/wp\/v2\/tags?post=14639"}],"curies":[{"name":"wp","href":"https:\/\/api.w.org\/{rel}","templated":true}]}}