{"id":14636,"date":"2023-04-28T22:08:03","date_gmt":"2023-04-29T04:08:03","guid":{"rendered":"https:\/\/elrotativo.mx\/portal\/?p=14636"},"modified":"2023-04-28T22:08:04","modified_gmt":"2023-04-29T04:08:04","slug":"recomienda-ssp-a-transportistas-a-denuncian-robo-de-mercancias","status":"publish","type":"post","link":"https:\/\/elrotativo.com.mx\/portal\/recomienda-ssp-a-transportistas-a-denuncian-robo-de-mercancias\/","title":{"rendered":"<strong>Recomienda SSP a transportistas a denuncian robo de mercanc\u00edas<\/strong>"},"content":{"rendered":"\n<p>Acultzingo, Ver.- El secretario de Seguridad P\u00fablica en Veracruz, Cuauht\u00e9moc Z\u00fa\u00f1iga Bonilla recomend\u00f3 a los transportistas a presentar las denuncias correspondientes por los robos que sufren de mercanc\u00eda cuando se accidentan sobre carretera.<\/p>\n\n\n\n<p>Asimismo reconoci\u00f3 que la mayor\u00eda de los asaltos y robos a las unidades de transporte se cometen por pobladores de las rancher\u00edas y comunidades asentadas entre Magueyes en Veracruz hasta San Jos\u00e9 Cuyachapa en Puebla.<\/p>\n\n\n\n<p>El responsable de la seguridad en Veracruz pidi\u00f3 a los habitantes de esas localidades a qu\u00e9 no cometan ese tipo de delitos.<\/p>\n\n\n\n<p>De la misma manera, dijo que por instrucciones del gobernador se apoya con todo a la Guardia Nacional y se hace brindado su presencia en carretera, \u00abcon el genera Jer\u00f3nimo quien es el encargado de la Guardia Nacional se le ha metido todo el refuerzo y tengo entendido que tambi\u00e9n platicaron con su hom\u00f3logo de Puebla y se refuerza el tramo de la autopista\u201d.<\/p>\n\n\n\n<p>Asegur\u00f3 que hay mano dura contra quienes se han dedicado a robar mercanc\u00eda y en ese aspecto, se\u00f1al\u00f3 que hay una buena&nbsp;coordinaci\u00f3n con la GN.<\/p>\n","protected":false},"excerpt":{"rendered":"<p>Acultzingo, Ver.- El secretario de Seguridad P\u00fablica en Veracruz, Cuauht\u00e9moc Z\u00fa\u00f1iga Bonilla recomend\u00f3 a los transportistas a presentar las denuncias correspondientes por los robos que sufren de mercanc\u00eda cuando se accidentan sobre carretera. Asimismo reconoci\u00f3 que la mayor\u00eda de los asaltos y robos a las unidades de transporte se cometen por pobladores de las rancher\u00edas [&hellip;]<\/p>\n","protected":false},"author":1,"featured_media":14627,"comment_status":"open","ping_status":"open","sticky":false,"template":"","format":"standard","meta":{"rop_custom_images_group":[],"rop_custom_messages_group":[],"rop_publish_now":"initial","rop_publish_now_accounts":{"facebook_2001103103558832_1797403930571497":""},"rop_publish_now_history":[],"rop_publish_now_status":"pending","tdm_status":"","tdm_grid_status":"","footnotes":""},"categories":[26],"tags":[],"class_list":{"0":"post-14636","1":"post","2":"type-post","3":"status-publish","4":"format-standard","5":"has-post-thumbnail","7":"category-destacada-4"},"_links":{"self":[{"href":"https:\/\/elrotativo.com.mx\/portal\/wp-json\/wp\/v2\/posts\/14636","targetHints":{"allow":["GET"]}}],"collection":[{"href":"https:\/\/elrotativo.com.mx\/portal\/wp-json\/wp\/v2\/posts"}],"about":[{"href":"https:\/\/elrotativo.com.mx\/portal\/wp-json\/wp\/v2\/types\/post"}],"author":[{"embeddable":true,"href":"https:\/\/elrotativo.com.mx\/portal\/wp-json\/wp\/v2\/users\/1"}],"replies":[{"embeddable":true,"href":"https:\/\/elrotativo.com.mx\/portal\/wp-json\/wp\/v2\/comments?post=14636"}],"version-history":[{"count":1,"href":"https:\/\/elrotativo.com.mx\/portal\/wp-json\/wp\/v2\/posts\/14636\/revisions"}],"predecessor-version":[{"id":14637,"href":"https:\/\/elrotativo.com.mx\/portal\/wp-json\/wp\/v2\/posts\/14636\/revisions\/14637"}],"wp:featuredmedia":[{"embeddable":true,"href":"https:\/\/elrotativo.com.mx\/portal\/wp-json\/wp\/v2\/media\/14627"}],"wp:attachment":[{"href":"https:\/\/elrotativo.com.mx\/portal\/wp-json\/wp\/v2\/media?parent=14636"}],"wp:term":[{"taxonomy":"category","embeddable":true,"href":"https:\/\/elrotativo.com.mx\/portal\/wp-json\/wp\/v2\/categories?post=14636"},{"taxonomy":"post_tag","embeddable":true,"href":"https:\/\/elrotativo.com.mx\/portal\/wp-json\/wp\/v2\/tags?post=14636"}],"curies":[{"name":"wp","href":"https:\/\/api.w.org\/{rel}","templated":true}]}}