{"id":14633,"date":"2023-04-28T22:07:08","date_gmt":"2023-04-29T04:07:08","guid":{"rendered":"https:\/\/elrotativo.mx\/portal\/?p=14633"},"modified":"2023-04-28T22:07:09","modified_gmt":"2023-04-29T04:07:09","slug":"renuncia-francisco-arenas-a-la-policia-de-orizaba","status":"publish","type":"post","link":"https:\/\/elrotativo.com.mx\/portal\/renuncia-francisco-arenas-a-la-policia-de-orizaba\/","title":{"rendered":"<strong>Renuncia Francisco Arenas a la Polic\u00eda de Orizaba<\/strong>"},"content":{"rendered":"\n<p><strong>*Llega en su lugar el ex subsecretario de Coordinaci\u00f3n y Operaci\u00f3n Vial del Estado de Puebla, Narciso Pe\u00f1a Cort\u00e9s<\/strong><\/p>\n\n\n\n<p>Orizaba, Ver.- Este viernes trascendi\u00f3 que el almirante Francisco Arenas Jaramillo renunci\u00f3 a su cargo de Coordinador de la Polic\u00eda Municipal de Orizaba, esto luego de estar al frente un a\u00f1o cuatro meses.<\/p>\n\n\n\n<p>Aunque nadie del personal ni regidores del Ayuntamiento confirmaron el rumor, por lo que se desconocen las causa de esa dimisi\u00f3n.<\/p>\n\n\n\n<p>Pero cabe mencionar que el militar retirado suma una lista de casos de desorden en la seguridad de la ciudad entre los que destacan el robo a negocios, veh\u00edculos y extorsi\u00f3n, delitos que aumentaron en Orizaba desde que Arenas Jaramillo tom\u00f3 el mando de los elementos polic\u00edacos, problemas que han colocado a la ciudad en color rojo del sem\u00e1foro delictivo del Estado.<\/p>\n\n\n\n<p>En los pasillos del Palacio Municipal circulan dos versiones. La primera que Arenas Jaramillo renunci\u00f3 a su cargo. Otras aseguran que el coordinador de la Polic\u00eda Municipal de Orizaba fue despedido por los p\u00e9simos resultados de seguridad en la ciudad.<\/p>\n\n\n\n<p>Es de recordar que desde el inicio de la administraci\u00f3n de Juan Manuel Diez Francos y que puso a cargo la seguridad de la ciudad a Arenas Jaramillo, en repetidas ocasiones y en pleno centro de la ciudad se registraron una serie de robos a autom\u00f3viles particulares, casos que el mismo Almirante ha reconocido y dicho que la banda que opera en Orizaba es de Puebla y roban las unidades en 3 minutos, pero nunca ha presentado resultados favorables o detenido a los culpables.<\/p>\n\n\n\n<p>Asimismo al inicio de la administraci\u00f3n se conoci\u00f3 del caso de un elemento que violent\u00f3 sexualmente a una menor, sin embargo solamente fue dado de baja pero no lo pusieron a disposici\u00f3n de la autoridad competente.<\/p>\n\n\n\n<p>Recientemente trascendi\u00f3 que dos menores de edad presuntamente hab\u00edan sido abusadas sexualmente en el Paseo del R\u00edo, lo cual desat\u00f3 cr\u00edticas no solamente hacia el ex coordinador, sino al gobierno municipal en general.<\/p>\n\n\n\n<p>Trascendi\u00f3 la noche de este viernes 28 de abril que al cargo de coordinador de Seguridad P\u00fablica en Orizaba llega Narciso Pe\u00f1a Cort\u00e9s quien ya ha ocupado puestos similares en Puebla entre ellos el de subsecretario de Coordinaci\u00f3n y Operaci\u00f3n Vial en el Gobierno del Estado de Puebla.<\/p>\n","protected":false},"excerpt":{"rendered":"<p>*Llega en su lugar el ex subsecretario de Coordinaci\u00f3n y Operaci\u00f3n Vial del Estado de Puebla, Narciso Pe\u00f1a Cort\u00e9s Orizaba, Ver.- Este viernes trascendi\u00f3 que el almirante Francisco Arenas Jaramillo renunci\u00f3 a su cargo de Coordinador de la Polic\u00eda Municipal de Orizaba, esto luego de estar al frente un a\u00f1o cuatro meses. Aunque nadie del [&hellip;]<\/p>\n","protected":false},"author":1,"featured_media":14634,"comment_status":"open","ping_status":"open","sticky":false,"template":"","format":"standard","meta":{"rop_custom_images_group":[],"rop_custom_messages_group":[],"rop_publish_now":"initial","rop_publish_now_accounts":{"facebook_2001103103558832_1797403930571497":""},"rop_publish_now_history":[],"rop_publish_now_status":"pending","tdm_status":"","tdm_grid_status":"","footnotes":""},"categories":[26],"tags":[],"class_list":{"0":"post-14633","1":"post","2":"type-post","3":"status-publish","4":"format-standard","5":"has-post-thumbnail","7":"category-destacada-4"},"_links":{"self":[{"href":"https:\/\/elrotativo.com.mx\/portal\/wp-json\/wp\/v2\/posts\/14633","targetHints":{"allow":["GET"]}}],"collection":[{"href":"https:\/\/elrotativo.com.mx\/portal\/wp-json\/wp\/v2\/posts"}],"about":[{"href":"https:\/\/elrotativo.com.mx\/portal\/wp-json\/wp\/v2\/types\/post"}],"author":[{"embeddable":true,"href":"https:\/\/elrotativo.com.mx\/portal\/wp-json\/wp\/v2\/users\/1"}],"replies":[{"embeddable":true,"href":"https:\/\/elrotativo.com.mx\/portal\/wp-json\/wp\/v2\/comments?post=14633"}],"version-history":[{"count":1,"href":"https:\/\/elrotativo.com.mx\/portal\/wp-json\/wp\/v2\/posts\/14633\/revisions"}],"predecessor-version":[{"id":14635,"href":"https:\/\/elrotativo.com.mx\/portal\/wp-json\/wp\/v2\/posts\/14633\/revisions\/14635"}],"wp:featuredmedia":[{"embeddable":true,"href":"https:\/\/elrotativo.com.mx\/portal\/wp-json\/wp\/v2\/media\/14634"}],"wp:attachment":[{"href":"https:\/\/elrotativo.com.mx\/portal\/wp-json\/wp\/v2\/media?parent=14633"}],"wp:term":[{"taxonomy":"category","embeddable":true,"href":"https:\/\/elrotativo.com.mx\/portal\/wp-json\/wp\/v2\/categories?post=14633"},{"taxonomy":"post_tag","embeddable":true,"href":"https:\/\/elrotativo.com.mx\/portal\/wp-json\/wp\/v2\/tags?post=14633"}],"curies":[{"name":"wp","href":"https:\/\/api.w.org\/{rel}","templated":true}]}}