{"id":14589,"date":"2023-04-26T12:19:36","date_gmt":"2023-04-26T18:19:36","guid":{"rendered":"https:\/\/elrotativo.mx\/portal\/?p=14589"},"modified":"2023-04-26T12:19:37","modified_gmt":"2023-04-26T18:19:37","slug":"zenyazen-reconoce-compromiso-y-esfuerzo-de-atletas-paralimpicos","status":"publish","type":"post","link":"https:\/\/elrotativo.com.mx\/portal\/zenyazen-reconoce-compromiso-y-esfuerzo-de-atletas-paralimpicos\/","title":{"rendered":"Zenyazen reconoce compromiso y esfuerzo de atletas paral\u00edmpicos"},"content":{"rendered":"\n<p><em>En presencia del gobernador Cuitl\u00e1huac Garc\u00eda Jim\u00e9nez y la directora de la CONADE, Ana Gabriela Guevara, atletas de 24 pa\u00edses participaron en la inauguraci\u00f3n del Xalapa 2023 World Para Athletics Grand Prix.<\/em><\/p>\n\n\n\n<p>Xalapa, Ver.- En medio de un gran ambiente de fiesta y camarader\u00eda, este martes, con la presentaci\u00f3n de cada una de las 24 delegaciones de atletas participantes de cuatro continentes del mundo y el encendido del pebetero ol\u00edmpico, arranc\u00f3 el Xalapa 2023 World Para Athletics Grand Prix que se llevar\u00e1 a cabo del 24 al 29 del presente mes en el Estadio Xalape\u00f1o \u201cHeriberto Jara Corona\u201d.<\/p>\n\n\n\n<p>El gobernador Cuitl\u00e1huac Garc\u00eda Jim\u00e9nez, acompa\u00f1ado por la directora de Comisi\u00f3n Nacional de Cultura F\u00edsica y Deporte (CONADE), Ana Gabriela Guevara; as\u00ed como la presidenta del Comit\u00e9 Paral\u00edmpico Mexicano, Liliana Suarez Carre\u00f3n; el presidente del Comit\u00e9 Paral\u00edmpico de las Am\u00e9ricas, Julio Cesar \u00c1vila Sarria, y el titular de la Secretar\u00eda de Educaci\u00f3n de Veracruz (SEV), Zenyazen Escobar Garc\u00eda, encabezaron la ceremonia de inauguraci\u00f3n.<\/p>\n\n\n\n<p>En su mensaje, el titular de la dependencia educativa record\u00f3 que en Veracruz se vive una transformaci\u00f3n social en la que el deporte es una pieza fundamental. Por ello, dijo, se llevan a cabo estrategias, con el apoyo del presidente Andr\u00e9s Manuel L\u00f3pez Obrador y el gobernador Cuitl\u00e1huac Garc\u00eda Jim\u00e9nez, que fomentan la pr\u00e1ctica deportiva entre toda la poblaci\u00f3n veracruzana, bajo los principios de justicia social e inclusi\u00f3n.<\/p>\n\n\n\n<p>En este sentido, destac\u00f3 que el deporte es un medio que puede cambiar la vida de las personas y que superarse es un compromiso permanente, donde cada atleta es un representante del empoderamiento a trav\u00e9s del deporte, al romper esquemas y cimentar en la sociedad la idea de que la fuerza de voluntad es la fuente de cualquier logro, y al mismo tiempo con su desempe\u00f1o ense\u00f1an sobre resiliencia y a creer en uno mismo.<\/p>\n\n\n\n<p>En esta justa deportiva estar\u00e1n participando un total de 556 atletas de 24 pa\u00edses que buscar\u00e1n el pase a competencias internacionales como el Campeonato Mundial Par\u00eds 2023, los Juegos Panamericanos Santiago 2023, el Campeonato Mundial 2024 y los Juegos Paral\u00edmpicos Par\u00eds 2024.<\/p>\n\n\n\n<p>Cabe mencionar que fue el atleta mexicano Jos\u00e9 Rodolfo Chessani Garc\u00eda quien recorri\u00f3 las instalaciones del estadio portando la antorcha con la llama ol\u00edmpica para encender el pebetero que acompa\u00f1ar\u00e1 a las y los atletas durante estos tres d\u00edas de competencia.<\/p>\n","protected":false},"excerpt":{"rendered":"<p>En presencia del gobernador Cuitl\u00e1huac Garc\u00eda Jim\u00e9nez y la directora de la CONADE, Ana Gabriela Guevara, atletas de 24 pa\u00edses participaron en la inauguraci\u00f3n del Xalapa 2023 World Para Athletics Grand Prix. Xalapa, Ver.- En medio de un gran ambiente de fiesta y camarader\u00eda, este martes, con la presentaci\u00f3n de cada una de las 24 [&hellip;]<\/p>\n","protected":false},"author":1,"featured_media":14590,"comment_status":"open","ping_status":"open","sticky":false,"template":"","format":"standard","meta":{"rop_custom_images_group":[],"rop_custom_messages_group":[],"rop_publish_now":"initial","rop_publish_now_accounts":{"facebook_2001103103558832_1797403930571497":""},"rop_publish_now_history":[],"rop_publish_now_status":"pending","tdm_status":"","tdm_grid_status":"","footnotes":""},"categories":[26,6],"tags":[],"class_list":{"0":"post-14589","1":"post","2":"type-post","3":"status-publish","4":"format-standard","5":"has-post-thumbnail","7":"category-destacada-4","8":"category-estatal"},"_links":{"self":[{"href":"https:\/\/elrotativo.com.mx\/portal\/wp-json\/wp\/v2\/posts\/14589","targetHints":{"allow":["GET"]}}],"collection":[{"href":"https:\/\/elrotativo.com.mx\/portal\/wp-json\/wp\/v2\/posts"}],"about":[{"href":"https:\/\/elrotativo.com.mx\/portal\/wp-json\/wp\/v2\/types\/post"}],"author":[{"embeddable":true,"href":"https:\/\/elrotativo.com.mx\/portal\/wp-json\/wp\/v2\/users\/1"}],"replies":[{"embeddable":true,"href":"https:\/\/elrotativo.com.mx\/portal\/wp-json\/wp\/v2\/comments?post=14589"}],"version-history":[{"count":1,"href":"https:\/\/elrotativo.com.mx\/portal\/wp-json\/wp\/v2\/posts\/14589\/revisions"}],"predecessor-version":[{"id":14591,"href":"https:\/\/elrotativo.com.mx\/portal\/wp-json\/wp\/v2\/posts\/14589\/revisions\/14591"}],"wp:featuredmedia":[{"embeddable":true,"href":"https:\/\/elrotativo.com.mx\/portal\/wp-json\/wp\/v2\/media\/14590"}],"wp:attachment":[{"href":"https:\/\/elrotativo.com.mx\/portal\/wp-json\/wp\/v2\/media?parent=14589"}],"wp:term":[{"taxonomy":"category","embeddable":true,"href":"https:\/\/elrotativo.com.mx\/portal\/wp-json\/wp\/v2\/categories?post=14589"},{"taxonomy":"post_tag","embeddable":true,"href":"https:\/\/elrotativo.com.mx\/portal\/wp-json\/wp\/v2\/tags?post=14589"}],"curies":[{"name":"wp","href":"https:\/\/api.w.org\/{rel}","templated":true}]}}