{"id":12580,"date":"2023-02-09T00:23:02","date_gmt":"2023-02-09T06:23:02","guid":{"rendered":"https:\/\/elrotativo.mx\/portal\/?p=12580"},"modified":"2023-02-09T00:23:04","modified_gmt":"2023-02-09T06:23:04","slug":"protestaria-amotac-contra-alza-de-cuotas-de-peaje","status":"publish","type":"post","link":"https:\/\/elrotativo.com.mx\/portal\/protestaria-amotac-contra-alza-de-cuotas-de-peaje\/","title":{"rendered":"<strong>Protestar\u00eda Amotac contra alza de cuotas de peaje<\/strong>"},"content":{"rendered":"\n<p class=\"wp-block-paragraph\">Orizaba, Ver.- Ante la estandarizaci\u00f3n en las cuotas de peaje en todo el pa\u00eds, integrantes de la Asociaci\u00f3n Mexicana de Organizaciones de Transportistas AC (Amotac) podr\u00edan realizar protestas para mostrar su rechazo por la decisi\u00f3n tomada por la Secretar\u00eda de Infraestructura, Comunicaciones y Transportes, indic\u00f3 el delegado regional en Orizaba, Aldo Romero Lezama.<\/p>\n\n\n\n<p class=\"wp-block-paragraph\">\u201cLas casetas de peaje a nivel nacional, ya sea de la red de Capufe o concesionadas, cada a\u00f1o tienen un ajuste en sus tarifas, pero el aumento de este a\u00f1o, de entre 5 y 7 por ciento, est\u00e1 muy por encima de lo que normalmente es y realmente se nos hace injusto para los transportistas\u201d.<\/p>\n\n\n\n<p class=\"wp-block-paragraph\">Precis\u00f3 que si llegan a hacer una movilizaci\u00f3n, los ciudadanos deber\u00e1n entender que no es con el fin de afectarlos, sino de buscar mejores condiciones para quienes transitan por las carreteras del pa\u00eds.<\/p>\n\n\n\n<p class=\"wp-block-paragraph\">Asimismo se\u00f1al\u00f3 que ese aumento se les hace injusto porque la red nacional de carreteras est\u00e1 totalmente acabada, por lo que es necesario que se invierta en ellas, pues a pesar de que hay un Departamento de Conservaci\u00f3n, cualquiera que transite ver\u00e1 que est\u00e1n destrozadas.<\/p>\n\n\n\n<p class=\"wp-block-paragraph\">Manifest\u00f3 que lo cordial ser\u00eda que si est\u00e1n haciendo un pago, al menos hubiera seguridad en las carreteras, pero tampoco es as\u00ed.<\/p>\n\n\n\n<p class=\"wp-block-paragraph\">Romero Lezama record\u00f3 que el pagar su cuota de peaje a los transportistas no les representa a ellos ning\u00fan beneficio, pues a pesar de que pagan m\u00e1s del doble que los veh\u00edculos particulares, no tienen derecho a gr\u00faa gratuita e incluso se les cobran miles de pesos por el uso de las rampas de emergencia, lo cual es injusto.<\/p>\n\n\n\n<p class=\"wp-block-paragraph\">Mencion\u00f3 que los transportistas no pueden aumentar sus tarifas, por lo que ven mermada su ganancia, por lo que el dirigente nacional de la organizaci\u00f3n, Rafael Ortiz Pacheco, buscar\u00e1 una reuni\u00f3n con las autoridades.<\/p>\n","protected":false},"excerpt":{"rendered":"<p>Orizaba, Ver.- Ante la estandarizaci\u00f3n en las cuotas de peaje en todo el pa\u00eds, integrantes de la Asociaci\u00f3n Mexicana de Organizaciones de Transportistas AC (Amotac) podr\u00edan realizar protestas para mostrar su rechazo por la decisi\u00f3n tomada por la Secretar\u00eda de Infraestructura, Comunicaciones y Transportes, indic\u00f3 el delegado regional en Orizaba, Aldo Romero Lezama. \u201cLas casetas [&hellip;]<\/p>\n","protected":false},"author":1,"featured_media":12113,"comment_status":"open","ping_status":"open","sticky":false,"template":"","format":"standard","meta":{"tdm_status":"","tdm_grid_status":"","footnotes":""},"categories":[26],"tags":[],"class_list":["post-12580","post","type-post","status-publish","format-standard","has-post-thumbnail","category-destacada-4"],"_links":{"self":[{"href":"https:\/\/elrotativo.com.mx\/portal\/wp-json\/wp\/v2\/posts\/12580","targetHints":{"allow":["GET"]}}],"collection":[{"href":"https:\/\/elrotativo.com.mx\/portal\/wp-json\/wp\/v2\/posts"}],"about":[{"href":"https:\/\/elrotativo.com.mx\/portal\/wp-json\/wp\/v2\/types\/post"}],"author":[{"embeddable":true,"href":"https:\/\/elrotativo.com.mx\/portal\/wp-json\/wp\/v2\/users\/1"}],"replies":[{"embeddable":true,"href":"https:\/\/elrotativo.com.mx\/portal\/wp-json\/wp\/v2\/comments?post=12580"}],"version-history":[{"count":1,"href":"https:\/\/elrotativo.com.mx\/portal\/wp-json\/wp\/v2\/posts\/12580\/revisions"}],"predecessor-version":[{"id":12581,"href":"https:\/\/elrotativo.com.mx\/portal\/wp-json\/wp\/v2\/posts\/12580\/revisions\/12581"}],"wp:featuredmedia":[{"embeddable":true,"href":"https:\/\/elrotativo.com.mx\/portal\/wp-json\/wp\/v2\/media\/12113"}],"wp:attachment":[{"href":"https:\/\/elrotativo.com.mx\/portal\/wp-json\/wp\/v2\/media?parent=12580"}],"wp:term":[{"taxonomy":"category","embeddable":true,"href":"https:\/\/elrotativo.com.mx\/portal\/wp-json\/wp\/v2\/categories?post=12580"},{"taxonomy":"post_tag","embeddable":true,"href":"https:\/\/elrotativo.com.mx\/portal\/wp-json\/wp\/v2\/tags?post=12580"}],"curies":[{"name":"wp","href":"https:\/\/api.w.org\/{rel}","templated":true}]}}