{"id":12538,"date":"2023-02-08T08:29:10","date_gmt":"2023-02-08T14:29:10","guid":{"rendered":"https:\/\/elrotativo.mx\/portal\/?p=12538"},"modified":"2023-02-08T08:29:12","modified_gmt":"2023-02-08T14:29:12","slug":"detiene-ssp-a-dos-por-diferentes-delitos-en-cordoba-y-fortin","status":"publish","type":"post","link":"https:\/\/elrotativo.com.mx\/portal\/detiene-ssp-a-dos-por-diferentes-delitos-en-cordoba-y-fortin\/","title":{"rendered":"<strong>Detiene SSP a dos por diferentes delitos en C\u00f3rdoba y Fort\u00edn<\/strong>"},"content":{"rendered":"\n<p class=\"wp-block-paragraph\">Xalapa, Ver.- La Secretaria de Seguridad P\u00fablica (SSP), a trav\u00e9s de Polic\u00eda Estatal, aprehendieron a dos personas, uno por portaci\u00f3n ilegal de arma de fuego y agresi\u00f3n, y el otro en posesi\u00f3n de un veh\u00edculo con reporte de robo en C\u00f3rdoba y Fort\u00edn de las Flores.<\/p>\n\n\n\n<p class=\"wp-block-paragraph\">Los hechos ocurrieron cuando los oficiales realizaban recorridos en la colonia M\u00e1rquez Hoyos y visualizaron a una persona de actitud sospechosa. Tras dirigirse a \u00e9l para una inspecci\u00f3n, fue detenido Alexander \u00abN\u00bb, quien dispar\u00f3 contra los elementos con un arma de fuego, hasta ser detenido.<\/p>\n\n\n\n<p class=\"wp-block-paragraph\">Posteriormente, en la Calzada Tlacotengo del municipio de Fort\u00edn de las Flores, fue detenido Jos\u00e9 Cristian \u00abN\u00bb, con un veh\u00edculo Nissan Tilda, color blanco y placas M69BLK de la ciudad de M\u00e9xico, que result\u00f3 con reporte de robo.<\/p>\n\n\n\n<p class=\"wp-block-paragraph\">Ambos detenidos quedaron a disposici\u00f3n de la autoridad correspondiente para los tr\u00e1mites de ley<\/p>\n","protected":false},"excerpt":{"rendered":"<p>Xalapa, Ver.- La Secretaria de Seguridad P\u00fablica (SSP), a trav\u00e9s de Polic\u00eda Estatal, aprehendieron a dos personas, uno por portaci\u00f3n ilegal de arma de fuego y agresi\u00f3n, y el otro en posesi\u00f3n de un veh\u00edculo con reporte de robo en C\u00f3rdoba y Fort\u00edn de las Flores. Los hechos ocurrieron cuando los oficiales realizaban recorridos en [&hellip;]<\/p>\n","protected":false},"author":1,"featured_media":12522,"comment_status":"open","ping_status":"open","sticky":false,"template":"","format":"standard","meta":{"tdm_status":"","tdm_grid_status":"","footnotes":""},"categories":[7],"tags":[],"class_list":["post-12538","post","type-post","status-publish","format-standard","has-post-thumbnail","category-policiaca"],"_links":{"self":[{"href":"https:\/\/elrotativo.com.mx\/portal\/wp-json\/wp\/v2\/posts\/12538","targetHints":{"allow":["GET"]}}],"collection":[{"href":"https:\/\/elrotativo.com.mx\/portal\/wp-json\/wp\/v2\/posts"}],"about":[{"href":"https:\/\/elrotativo.com.mx\/portal\/wp-json\/wp\/v2\/types\/post"}],"author":[{"embeddable":true,"href":"https:\/\/elrotativo.com.mx\/portal\/wp-json\/wp\/v2\/users\/1"}],"replies":[{"embeddable":true,"href":"https:\/\/elrotativo.com.mx\/portal\/wp-json\/wp\/v2\/comments?post=12538"}],"version-history":[{"count":1,"href":"https:\/\/elrotativo.com.mx\/portal\/wp-json\/wp\/v2\/posts\/12538\/revisions"}],"predecessor-version":[{"id":12539,"href":"https:\/\/elrotativo.com.mx\/portal\/wp-json\/wp\/v2\/posts\/12538\/revisions\/12539"}],"wp:featuredmedia":[{"embeddable":true,"href":"https:\/\/elrotativo.com.mx\/portal\/wp-json\/wp\/v2\/media\/12522"}],"wp:attachment":[{"href":"https:\/\/elrotativo.com.mx\/portal\/wp-json\/wp\/v2\/media?parent=12538"}],"wp:term":[{"taxonomy":"category","embeddable":true,"href":"https:\/\/elrotativo.com.mx\/portal\/wp-json\/wp\/v2\/categories?post=12538"},{"taxonomy":"post_tag","embeddable":true,"href":"https:\/\/elrotativo.com.mx\/portal\/wp-json\/wp\/v2\/tags?post=12538"}],"curies":[{"name":"wp","href":"https:\/\/api.w.org\/{rel}","templated":true}]}}