{"id":12531,"date":"2023-02-08T08:18:13","date_gmt":"2023-02-08T14:18:13","guid":{"rendered":"https:\/\/elrotativo.mx\/portal\/?p=12531"},"modified":"2023-02-08T08:18:14","modified_gmt":"2023-02-08T14:18:14","slug":"no-son-patito-las-universidades-del-bienestar","status":"publish","type":"post","link":"https:\/\/elrotativo.com.mx\/portal\/no-son-patito-las-universidades-del-bienestar\/","title":{"rendered":"<strong>No son \u201cpatito\u201d las universidades del Bienestar<\/strong>"},"content":{"rendered":"\n<p class=\"wp-block-paragraph\">Ixtaczoquitl\u00e1n, Ver.- Las universidades del Bienestar Benito Ju\u00e1rez no son \u201cpatito\u201d y los alumnos que acudan a estos planteles no tendr\u00e1n alg\u00fan problema cuando concluyan sus planes de estudio, asegur\u00f3 el delegado federal de la Secretar\u00eda de Bienestar en el estado, Manuel Huerta Ladr\u00f3n de Guevara.<\/p>\n\n\n\n<p class=\"wp-block-paragraph\">\u201cQuien diga eso quiere decir que no est\u00e1 entendiendo la historia o no est\u00e1 informado. En el proyecto de escuelas Benito Ju\u00e1rez ya son 200 escuelas en el pa\u00eds, son de alta calidad, excelencia educativa, son totalmente gratuitas y sobre todo vinculadas a las necesidades del pa\u00eds\u201d.<\/p>\n\n\n\n<p class=\"wp-block-paragraph\">El funcionario explic\u00f3 que esto har\u00e1 que muchos de los que egresen lo har\u00e1n con un trabajo asegurado, por ejemplo en el caso de la carrera de Licenciatura en Medicina Integral y Salud Comunitaria.<\/p>\n\n\n\n<p class=\"wp-block-paragraph\">Record\u00f3 que el gobierno lo que busca son m\u00e9dicos porque no hay quienes vayan a hacer ese trabajo tan importante con las comunidades de las regiones m\u00e1s alejadas.<\/p>\n\n\n\n<p class=\"wp-block-paragraph\">Huerta Ladr\u00f3n de Guevara destac\u00f3 que los egresados de la carrera de medicina integral en autom\u00e1tico tendr\u00e1n trabajo y sus pr\u00e1cticas ser\u00e1n con el gobierno en los diferentes centros de salud, para que ah\u00ed brinden la atenci\u00f3n que requiere la poblaci\u00f3n.<\/p>\n\n\n\n<p class=\"wp-block-paragraph\">Cabe se\u00f1alar que este martes inicio cursos la Universidad para el Bienestar \u201cLic. Benito Ju\u00e1rez Garc\u00eda\u201d en la carrera de Medicina Integral y Salud Comunitaria pero lo hicieron sin instalaciones propias ni talleres de pr\u00e1ctica.<\/p>\n\n\n\n<p class=\"wp-block-paragraph\">Ser\u00e1n m\u00e1s de 100 estudiantes de diversos municipios como C\u00f3rdoba, Fort\u00edn de las Flores, Orizaba, Maltrata, Ciudad Mendoza y otros m\u00e1s quienes estudiar\u00e1n en las antiguas instalaciones de la Universidad Tecnol\u00f3gica del Centro de Veracruz (UTCV) que cambi\u00f3 su zona de residencia ante la carencia de alumnos.<\/p>\n\n\n\n<p class=\"wp-block-paragraph\">Durante seis meses los estudiantes \u00fanicamente cursar\u00e1n las asignaturas de medicina integral y salud comunitaria en teor\u00eda, no habr\u00e1 pr\u00e1cticas de laboratorio, derivado a que las instalaciones provisionales, s\u00f3lo cuentan con 5 salones y un \u00e1rea de comput\u00f3 compartida.<\/p>\n","protected":false},"excerpt":{"rendered":"<p>Ixtaczoquitl\u00e1n, Ver.- Las universidades del Bienestar Benito Ju\u00e1rez no son \u201cpatito\u201d y los alumnos que acudan a estos planteles no tendr\u00e1n alg\u00fan problema cuando concluyan sus planes de estudio, asegur\u00f3 el delegado federal de la Secretar\u00eda de Bienestar en el estado, Manuel Huerta Ladr\u00f3n de Guevara. \u201cQuien diga eso quiere decir que no est\u00e1 entendiendo [&hellip;]<\/p>\n","protected":false},"author":1,"featured_media":12523,"comment_status":"open","ping_status":"open","sticky":false,"template":"","format":"standard","meta":{"tdm_status":"","tdm_grid_status":"","footnotes":""},"categories":[26],"tags":[],"class_list":["post-12531","post","type-post","status-publish","format-standard","has-post-thumbnail","category-destacada-4"],"_links":{"self":[{"href":"https:\/\/elrotativo.com.mx\/portal\/wp-json\/wp\/v2\/posts\/12531","targetHints":{"allow":["GET"]}}],"collection":[{"href":"https:\/\/elrotativo.com.mx\/portal\/wp-json\/wp\/v2\/posts"}],"about":[{"href":"https:\/\/elrotativo.com.mx\/portal\/wp-json\/wp\/v2\/types\/post"}],"author":[{"embeddable":true,"href":"https:\/\/elrotativo.com.mx\/portal\/wp-json\/wp\/v2\/users\/1"}],"replies":[{"embeddable":true,"href":"https:\/\/elrotativo.com.mx\/portal\/wp-json\/wp\/v2\/comments?post=12531"}],"version-history":[{"count":1,"href":"https:\/\/elrotativo.com.mx\/portal\/wp-json\/wp\/v2\/posts\/12531\/revisions"}],"predecessor-version":[{"id":12532,"href":"https:\/\/elrotativo.com.mx\/portal\/wp-json\/wp\/v2\/posts\/12531\/revisions\/12532"}],"wp:featuredmedia":[{"embeddable":true,"href":"https:\/\/elrotativo.com.mx\/portal\/wp-json\/wp\/v2\/media\/12523"}],"wp:attachment":[{"href":"https:\/\/elrotativo.com.mx\/portal\/wp-json\/wp\/v2\/media?parent=12531"}],"wp:term":[{"taxonomy":"category","embeddable":true,"href":"https:\/\/elrotativo.com.mx\/portal\/wp-json\/wp\/v2\/categories?post=12531"},{"taxonomy":"post_tag","embeddable":true,"href":"https:\/\/elrotativo.com.mx\/portal\/wp-json\/wp\/v2\/tags?post=12531"}],"curies":[{"name":"wp","href":"https:\/\/api.w.org\/{rel}","templated":true}]}}