{"id":12526,"date":"2023-02-08T08:15:02","date_gmt":"2023-02-08T14:15:02","guid":{"rendered":"https:\/\/elrotativo.mx\/portal\/?p=12526"},"modified":"2023-02-08T08:15:04","modified_gmt":"2023-02-08T14:15:04","slug":"rechazan-gasoducto-en-ixtac-alcalde-se-lava-las-manos","status":"publish","type":"post","link":"https:\/\/elrotativo.com.mx\/portal\/rechazan-gasoducto-en-ixtac-alcalde-se-lava-las-manos\/","title":{"rendered":"<strong>Rechazan gasoducto en Ixtac; alcalde se lava las manos<\/strong>"},"content":{"rendered":"\n<p class=\"wp-block-paragraph\">Ixtaczoquitl\u00e1n, Ver.- Por en\u00e9sima ocasi\u00f3n, vecinos de la congregaci\u00f3n de Escamela del municipio de Ixtaczoquitl\u00e1n, bloquearon la avenida San Juan en demanda de que no se lleve a cabo la introducci\u00f3n de un gasoducto hacia las empresas asentadas en el parque industrial.<\/p>\n\n\n\n<p class=\"wp-block-paragraph\">Con pancartas, cuerdas y piedras, los quejosos impidieron el paso de veh\u00edculos para protestar por la introducci\u00f3n de una tuber\u00eda de 12 pulgadas y quitar una de cuatro que ya estaba, con el pretexto de abastecer del combustible a Sabritas.<\/p>\n\n\n\n<p class=\"wp-block-paragraph\">Se\u00f1alaron que la empresa Gas del Noreste modific\u00f3 el trazo de la colocaci\u00f3n del tubo, entonces ellos deben tener un permiso de la Secretar\u00eda de Energ\u00eda para instalarlo donde inicialmente estaba, por lo que el permiso que tienen ya no es v\u00e1lido.<\/p>\n\n\n\n<p class=\"wp-block-paragraph\">Dijeron que ese tubo abastecer\u00e1 a un tanque con capacidad para 204 mil litros de gas de la empresa Sabritas.<\/p>\n\n\n\n<p class=\"wp-block-paragraph\">Indicaron que el alcalde Nah\u00fam \u00c1lvarez Pellico ha platicado con ellos e incluso han venido representantes de la empresa Gas del Noreste, quienes les han dicho que ellos cumplen con toda la normativa, pero consideran que no es as\u00ed, porque de entrada si modificaron el trazo, ya no se est\u00e1 cumpliendo.<\/p>\n\n\n\n<p class=\"wp-block-paragraph\">Comentaron que el alcalde se preocupa por el parque industrial, pero confunden lo que es el parque con la zona industrial, que son muy diferentes, por lo que le piden que tome en cuenta el sentir de la poblaci\u00f3n, pues \u00e9l fue electo por la gente, no por las empresas, adem\u00e1s de que en las industrias que hay laboran personas de otros lugares, ni siquiera son del municipio.<\/p>\n","protected":false},"excerpt":{"rendered":"<p>Ixtaczoquitl\u00e1n, Ver.- Por en\u00e9sima ocasi\u00f3n, vecinos de la congregaci\u00f3n de Escamela del municipio de Ixtaczoquitl\u00e1n, bloquearon la avenida San Juan en demanda de que no se lleve a cabo la introducci\u00f3n de un gasoducto hacia las empresas asentadas en el parque industrial. Con pancartas, cuerdas y piedras, los quejosos impidieron el paso de veh\u00edculos para [&hellip;]<\/p>\n","protected":false},"author":1,"featured_media":12527,"comment_status":"open","ping_status":"open","sticky":false,"template":"","format":"standard","meta":{"tdm_status":"","tdm_grid_status":"","footnotes":""},"categories":[26],"tags":[],"class_list":["post-12526","post","type-post","status-publish","format-standard","has-post-thumbnail","category-destacada-4"],"_links":{"self":[{"href":"https:\/\/elrotativo.com.mx\/portal\/wp-json\/wp\/v2\/posts\/12526","targetHints":{"allow":["GET"]}}],"collection":[{"href":"https:\/\/elrotativo.com.mx\/portal\/wp-json\/wp\/v2\/posts"}],"about":[{"href":"https:\/\/elrotativo.com.mx\/portal\/wp-json\/wp\/v2\/types\/post"}],"author":[{"embeddable":true,"href":"https:\/\/elrotativo.com.mx\/portal\/wp-json\/wp\/v2\/users\/1"}],"replies":[{"embeddable":true,"href":"https:\/\/elrotativo.com.mx\/portal\/wp-json\/wp\/v2\/comments?post=12526"}],"version-history":[{"count":1,"href":"https:\/\/elrotativo.com.mx\/portal\/wp-json\/wp\/v2\/posts\/12526\/revisions"}],"predecessor-version":[{"id":12528,"href":"https:\/\/elrotativo.com.mx\/portal\/wp-json\/wp\/v2\/posts\/12526\/revisions\/12528"}],"wp:featuredmedia":[{"embeddable":true,"href":"https:\/\/elrotativo.com.mx\/portal\/wp-json\/wp\/v2\/media\/12527"}],"wp:attachment":[{"href":"https:\/\/elrotativo.com.mx\/portal\/wp-json\/wp\/v2\/media?parent=12526"}],"wp:term":[{"taxonomy":"category","embeddable":true,"href":"https:\/\/elrotativo.com.mx\/portal\/wp-json\/wp\/v2\/categories?post=12526"},{"taxonomy":"post_tag","embeddable":true,"href":"https:\/\/elrotativo.com.mx\/portal\/wp-json\/wp\/v2\/tags?post=12526"}],"curies":[{"name":"wp","href":"https:\/\/api.w.org\/{rel}","templated":true}]}}