{"id":12299,"date":"2023-01-31T00:29:02","date_gmt":"2023-01-31T06:29:02","guid":{"rendered":"https:\/\/elrotativo.mx\/portal\/?p=12299"},"modified":"2023-01-31T00:29:03","modified_gmt":"2023-01-31T06:29:03","slug":"pega-a-patrones-carga-fiscal-y-aumento-de-vacaciones","status":"publish","type":"post","link":"https:\/\/elrotativo.com.mx\/portal\/pega-a-patrones-carga-fiscal-y-aumento-de-vacaciones\/","title":{"rendered":"<strong>Pega a patrones carga fiscal y aumento de vacaciones<\/strong>"},"content":{"rendered":"\n<p class=\"wp-block-paragraph\">Orizaba, Ver-. El incremento en los d\u00edas de vacaciones y al salario m\u00ednimo, aumentar\u00e1 los gatos pero sobre todo la carga fiscal de los empleadores, asegur\u00f3 la S\u00edndico del Contribuyente de la C\u00e1mara Nacional de Comercio (Canaco) en Orizaba, Norma Zepahua M\u00e9ndez.<\/p>\n\n\n\n<p class=\"wp-block-paragraph\">\u201cSer\u00e1 mucho m\u00e1s pesada, aunado al incremento al salario m\u00ednimo y a los 12 d\u00edas de vacaciones que trae como consecuencia el pago de m\u00e1s cuotas al Instituto Mexicano del Seguro Social (IMSS) as\u00ed como en el cumplimiento del Impuesto del dos por ciento a la n\u00f3mina\u201d.<\/p>\n\n\n\n<p class=\"wp-block-paragraph\">Detall\u00f3 que el incremento en los d\u00edas de vacaciones dejar\u00e1 una repercusi\u00f3n econ\u00f3mica escalonada, \u201cme atrever\u00eda a decir que el factor de inflaci\u00f3n queda abajo, hablando de un 7.94 un 8 por ciento y s\u00ed va a repercutir en las arcas de los patrones\u201d.<\/p>\n\n\n\n<p class=\"wp-block-paragraph\">Ante este panorama dijo que la iniciativa privada deber\u00e1 crear una bit\u00e1cora del alta de cada uno de unos de sus trabajadores, remarcando la fecha en que ingres\u00f3 a laborar y posteriormente contar los a\u00f1os de trabajo para definir los d\u00edas de vacaciones que gozar\u00e1 a partir de este 2023.<\/p>\n","protected":false},"excerpt":{"rendered":"<p>Orizaba, Ver-. El incremento en los d\u00edas de vacaciones y al salario m\u00ednimo, aumentar\u00e1 los gatos pero sobre todo la carga fiscal de los empleadores, asegur\u00f3 la S\u00edndico del Contribuyente de la C\u00e1mara Nacional de Comercio (Canaco) en Orizaba, Norma Zepahua M\u00e9ndez. \u201cSer\u00e1 mucho m\u00e1s pesada, aunado al incremento al salario m\u00ednimo y a los [&hellip;]<\/p>\n","protected":false},"author":1,"featured_media":12089,"comment_status":"open","ping_status":"open","sticky":false,"template":"","format":"standard","meta":{"tdm_status":"","tdm_grid_status":"","footnotes":""},"categories":[26],"tags":[],"class_list":["post-12299","post","type-post","status-publish","format-standard","has-post-thumbnail","category-destacada-4"],"_links":{"self":[{"href":"https:\/\/elrotativo.com.mx\/portal\/wp-json\/wp\/v2\/posts\/12299","targetHints":{"allow":["GET"]}}],"collection":[{"href":"https:\/\/elrotativo.com.mx\/portal\/wp-json\/wp\/v2\/posts"}],"about":[{"href":"https:\/\/elrotativo.com.mx\/portal\/wp-json\/wp\/v2\/types\/post"}],"author":[{"embeddable":true,"href":"https:\/\/elrotativo.com.mx\/portal\/wp-json\/wp\/v2\/users\/1"}],"replies":[{"embeddable":true,"href":"https:\/\/elrotativo.com.mx\/portal\/wp-json\/wp\/v2\/comments?post=12299"}],"version-history":[{"count":1,"href":"https:\/\/elrotativo.com.mx\/portal\/wp-json\/wp\/v2\/posts\/12299\/revisions"}],"predecessor-version":[{"id":12300,"href":"https:\/\/elrotativo.com.mx\/portal\/wp-json\/wp\/v2\/posts\/12299\/revisions\/12300"}],"wp:featuredmedia":[{"embeddable":true,"href":"https:\/\/elrotativo.com.mx\/portal\/wp-json\/wp\/v2\/media\/12089"}],"wp:attachment":[{"href":"https:\/\/elrotativo.com.mx\/portal\/wp-json\/wp\/v2\/media?parent=12299"}],"wp:term":[{"taxonomy":"category","embeddable":true,"href":"https:\/\/elrotativo.com.mx\/portal\/wp-json\/wp\/v2\/categories?post=12299"},{"taxonomy":"post_tag","embeddable":true,"href":"https:\/\/elrotativo.com.mx\/portal\/wp-json\/wp\/v2\/tags?post=12299"}],"curies":[{"name":"wp","href":"https:\/\/api.w.org\/{rel}","templated":true}]}}