{"id":12297,"date":"2023-01-31T00:25:52","date_gmt":"2023-01-31T06:25:52","guid":{"rendered":"https:\/\/elrotativo.mx\/portal\/?p=12297"},"modified":"2023-01-31T00:25:53","modified_gmt":"2023-01-31T06:25:53","slug":"inician-cursos-en-el-ito-sin-17-catedraticos","status":"publish","type":"post","link":"https:\/\/elrotativo.com.mx\/portal\/inician-cursos-en-el-ito-sin-17-catedraticos\/","title":{"rendered":"<strong>Inician cursos en el ITO sin 17 catedr\u00e1ticos<\/strong>"},"content":{"rendered":"\n<p class=\"wp-block-paragraph\">Orizaba.- Debido a que la convocatoria de reclutamiento se emiti\u00f3 tarde, al menos 17 grupos carecer\u00e1n de docente al inicio de este nuevo ciclo escolar en el Instituto Tecnol\u00f3gico de Orizaba, confirm\u00f3 el dirigente sindical Miguel \u00c1ngel Cruz Arellano.<\/p>\n\n\n\n<p class=\"wp-block-paragraph\">\u201cVamos a iniciar con ciertos faltantes que vamos a cubrir de cierta manera, para que los chicos no se queden sin clases, se est\u00e1 analizando una estrategia de ver c\u00f3mo atender estos grupos, que no fue por condiciones o por la direcci\u00f3n, sino porque las convocatorias no las autorizaron y son alrededor de 17 grupos de todas las ingenier\u00edas\u201d.<\/p>\n\n\n\n<p class=\"wp-block-paragraph\">Y es que dijo que aun cuando el sindicato y la administraci\u00f3n ten\u00edan preparadas las convocatorias desde el a\u00f1o anterior, \u00fanicamente aguardaban el tiempo para su autorizaci\u00f3n y publicaci\u00f3n, lo que se retardo pero que afortunadamente ya se dio.<\/p>\n\n\n\n<p class=\"wp-block-paragraph\">Confirm\u00f3 que ser\u00e1n tres semanas donde los alumnos contar\u00e1n con personal que atender\u00e1 sus necesidades acad\u00e9micas y espera que en un menor tiempo, se logre cubrir al cien por ciento la falta de docentes y una vez que se conozcan quienes ganaron las convocatorias se incorporar\u00e1n a las materias asignadas.<\/p>\n\n\n\n<p class=\"wp-block-paragraph\">Asegur\u00f3 que esta situaci\u00f3n interna del plantel no retrasar\u00e1 la ense\u00f1anza del alumno, por el contrario, dijo que de alguna manera algunos estudiantes, tendr\u00e1n un reforzamiento en el \u00e1rea de f\u00edsico matem\u00e1ticas y otras asignaturas.<\/p>\n\n\n\n<p class=\"wp-block-paragraph\">Finalmente justific\u00f3 que este conflicto es del personal que autoriza las convocatorias, porque se cuenta con un techo financiero e incluso revel\u00f3 que exista un acuerdo con el Sindicato Nacional de la Secci\u00f3n 61 y del Tecnol\u00f3gico Nacional de M\u00e9xico, \u201cnunca entendimos porque atrasar las convocatorias, realmente se ten\u00edan desde el mes de diciembre del a\u00f1o anterior\u201d.<\/p>\n","protected":false},"excerpt":{"rendered":"<p>Orizaba.- Debido a que la convocatoria de reclutamiento se emiti\u00f3 tarde, al menos 17 grupos carecer\u00e1n de docente al inicio de este nuevo ciclo escolar en el Instituto Tecnol\u00f3gico de Orizaba, confirm\u00f3 el dirigente sindical Miguel \u00c1ngel Cruz Arellano. \u201cVamos a iniciar con ciertos faltantes que vamos a cubrir de cierta manera, para que los [&hellip;]<\/p>\n","protected":false},"author":1,"featured_media":12239,"comment_status":"open","ping_status":"open","sticky":false,"template":"","format":"standard","meta":{"tdm_status":"","tdm_grid_status":"","footnotes":""},"categories":[26],"tags":[],"class_list":["post-12297","post","type-post","status-publish","format-standard","has-post-thumbnail","category-destacada-4"],"_links":{"self":[{"href":"https:\/\/elrotativo.com.mx\/portal\/wp-json\/wp\/v2\/posts\/12297","targetHints":{"allow":["GET"]}}],"collection":[{"href":"https:\/\/elrotativo.com.mx\/portal\/wp-json\/wp\/v2\/posts"}],"about":[{"href":"https:\/\/elrotativo.com.mx\/portal\/wp-json\/wp\/v2\/types\/post"}],"author":[{"embeddable":true,"href":"https:\/\/elrotativo.com.mx\/portal\/wp-json\/wp\/v2\/users\/1"}],"replies":[{"embeddable":true,"href":"https:\/\/elrotativo.com.mx\/portal\/wp-json\/wp\/v2\/comments?post=12297"}],"version-history":[{"count":1,"href":"https:\/\/elrotativo.com.mx\/portal\/wp-json\/wp\/v2\/posts\/12297\/revisions"}],"predecessor-version":[{"id":12298,"href":"https:\/\/elrotativo.com.mx\/portal\/wp-json\/wp\/v2\/posts\/12297\/revisions\/12298"}],"wp:featuredmedia":[{"embeddable":true,"href":"https:\/\/elrotativo.com.mx\/portal\/wp-json\/wp\/v2\/media\/12239"}],"wp:attachment":[{"href":"https:\/\/elrotativo.com.mx\/portal\/wp-json\/wp\/v2\/media?parent=12297"}],"wp:term":[{"taxonomy":"category","embeddable":true,"href":"https:\/\/elrotativo.com.mx\/portal\/wp-json\/wp\/v2\/categories?post=12297"},{"taxonomy":"post_tag","embeddable":true,"href":"https:\/\/elrotativo.com.mx\/portal\/wp-json\/wp\/v2\/tags?post=12297"}],"curies":[{"name":"wp","href":"https:\/\/api.w.org\/{rel}","templated":true}]}}