{"id":12293,"date":"2023-01-31T00:17:42","date_gmt":"2023-01-31T06:17:42","guid":{"rendered":"https:\/\/elrotativo.mx\/portal\/?p=12293"},"modified":"2023-01-31T00:17:43","modified_gmt":"2023-01-31T06:17:43","slug":"se-inconforman-vecinos-de-ixtaczoquitlan-por-gasoducto","status":"publish","type":"post","link":"https:\/\/elrotativo.com.mx\/portal\/se-inconforman-vecinos-de-ixtaczoquitlan-por-gasoducto\/","title":{"rendered":"<strong>Se inconforman vecinos de Ixtaczoquitl\u00e1n por gasoducto<\/strong>"},"content":{"rendered":"\n<p class=\"wp-block-paragraph\">Ixtaczoquitl\u00e1n, Ver.- Vecinos de la avenida San Juan, de la colonia Uni\u00f3n y Progreso de Esc\u00e1mela, de municipio de Ixtaczoquitl\u00e1n se manifestaron la ma\u00f1ana del lunes en contra de la empresa Gas Natural, por la introducci\u00f3n de un gasoducto en esta carretera.<\/p>\n\n\n\n<p class=\"wp-block-paragraph\">Los inconformes aseguraron que la colocaci\u00f3n de un ductor de gas en esta v\u00eda de comunicaci\u00f3n es una bomba de tiempo, pues la zona se considera de alto riesgo por el paso de tr\u00e1ileres y camiones pesados de carga y ahora con la ampliaci\u00f3n del gasoducto, el peligro ser\u00e1 latente, aunado a qu\u00e9 en la zona hay industrias que utilizan el combustible.<\/p>\n\n\n\n<p class=\"wp-block-paragraph\">Detallaron que desde hace ocho meses buscan un acercamiento con el presidente municipal Nah\u00fam \u00c1lvarez Pellico, para plantearle sus inquietudes, pues no solo les preocupa la introducci\u00f3n de este ducto que calculan es de entre 8 y 10 pulgadas.<\/p>\n\n\n\n<p class=\"wp-block-paragraph\">Agregaron que tambi\u00e9n les preocupa la falta de agua, ya que la desviaron del canal de sembradores y no reciben el suministro de manera normal, por lo que piden que la empresa hable con el presidente y presente los permisos que deben ser de una instancia federal, estatal y local.<\/p>\n\n\n\n<p class=\"wp-block-paragraph\">De igual manera lamentaron que la direcci\u00f3n de Protecci\u00f3n Civil se muestre omisa ante la petici\u00f3n que hicieran para pedir su intervenci\u00f3n pues la respuesta que recibieron fue que a ellos no les compete.<\/p>\n","protected":false},"excerpt":{"rendered":"<p>Ixtaczoquitl\u00e1n, Ver.- Vecinos de la avenida San Juan, de la colonia Uni\u00f3n y Progreso de Esc\u00e1mela, de municipio de Ixtaczoquitl\u00e1n se manifestaron la ma\u00f1ana del lunes en contra de la empresa Gas Natural, por la introducci\u00f3n de un gasoducto en esta carretera. Los inconformes aseguraron que la colocaci\u00f3n de un ductor de gas en esta [&hellip;]<\/p>\n","protected":false},"author":1,"featured_media":12240,"comment_status":"open","ping_status":"open","sticky":false,"template":"","format":"standard","meta":{"tdm_status":"","tdm_grid_status":"","footnotes":""},"categories":[10],"tags":[],"class_list":["post-12293","post","type-post","status-publish","format-standard","has-post-thumbnail","category-local-regional"],"_links":{"self":[{"href":"https:\/\/elrotativo.com.mx\/portal\/wp-json\/wp\/v2\/posts\/12293","targetHints":{"allow":["GET"]}}],"collection":[{"href":"https:\/\/elrotativo.com.mx\/portal\/wp-json\/wp\/v2\/posts"}],"about":[{"href":"https:\/\/elrotativo.com.mx\/portal\/wp-json\/wp\/v2\/types\/post"}],"author":[{"embeddable":true,"href":"https:\/\/elrotativo.com.mx\/portal\/wp-json\/wp\/v2\/users\/1"}],"replies":[{"embeddable":true,"href":"https:\/\/elrotativo.com.mx\/portal\/wp-json\/wp\/v2\/comments?post=12293"}],"version-history":[{"count":1,"href":"https:\/\/elrotativo.com.mx\/portal\/wp-json\/wp\/v2\/posts\/12293\/revisions"}],"predecessor-version":[{"id":12294,"href":"https:\/\/elrotativo.com.mx\/portal\/wp-json\/wp\/v2\/posts\/12293\/revisions\/12294"}],"wp:featuredmedia":[{"embeddable":true,"href":"https:\/\/elrotativo.com.mx\/portal\/wp-json\/wp\/v2\/media\/12240"}],"wp:attachment":[{"href":"https:\/\/elrotativo.com.mx\/portal\/wp-json\/wp\/v2\/media?parent=12293"}],"wp:term":[{"taxonomy":"category","embeddable":true,"href":"https:\/\/elrotativo.com.mx\/portal\/wp-json\/wp\/v2\/categories?post=12293"},{"taxonomy":"post_tag","embeddable":true,"href":"https:\/\/elrotativo.com.mx\/portal\/wp-json\/wp\/v2\/tags?post=12293"}],"curies":[{"name":"wp","href":"https:\/\/api.w.org\/{rel}","templated":true}]}}