{"id":12290,"date":"2023-01-31T00:12:53","date_gmt":"2023-01-31T06:12:53","guid":{"rendered":"https:\/\/elrotativo.mx\/portal\/?p=12290"},"modified":"2023-01-31T00:12:54","modified_gmt":"2023-01-31T06:12:54","slug":"familiares-de-desaparecidos-exigen-a-la-fiscalia-una-mejor-atencion","status":"publish","type":"post","link":"https:\/\/elrotativo.com.mx\/portal\/familiares-de-desaparecidos-exigen-a-la-fiscalia-una-mejor-atencion\/","title":{"rendered":"<strong>Familiares de desaparecidos exigen a la Fiscal\u00eda una mejor atenci\u00f3n<\/strong>"},"content":{"rendered":"\n<p class=\"wp-block-paragraph\">C\u00f3rdoba, Ver.- Durante la ma\u00f1ana del lunes familiares de personas desaparecidas se presentaron ante la Fiscal\u00eda para exigir que cumplan con lo s\u00e9 ha pactado para&nbsp; b\u00fasqueda de cad\u00e1veres o restos humanos.<\/p>\n\n\n\n<p class=\"wp-block-paragraph\">Representantes de cinco colectivos, entre ellos \u00abLuz fuerza y lucha por nuestros desaparecidos\u00bb,&nbsp; &nbsp;encabezados por Milagro Montiel Cruz, expresaron que contin\u00faan con las labores de rastreo de los desaparecidos.<\/p>\n\n\n\n<p class=\"wp-block-paragraph\">Indicaron que por el momento se encuentran investigando el paradero de 37 personas en la zona centro.<\/p>\n\n\n\n<p class=\"wp-block-paragraph\">Se quejaron de la falta de atenci\u00f3n por parte del personal de la Fiscal\u00eda Regional con sede en C\u00f3rdoba, as\u00ed mismo que prometieron dos veh\u00edculos para transportarse, pero al llegar solo hab\u00eda una camioneta.<\/p>\n\n\n\n<p class=\"wp-block-paragraph\">Los afectados acudieron a las instalaciones de la Unidad Integral de Procuraci\u00f3n de Justicia de C\u00f3rdoba acompa\u00f1ados por elementos de la Sedena, Guardia Nacional y Polic\u00eda Estatal, estuvieron varios minutos sobre la calle 9 entre avenidas 7 y 9, causando expectaci\u00f3n.&nbsp;<\/p>\n\n\n\n<p class=\"wp-block-paragraph\">M\u00e1s tarde los colectivos, autoridades ministeriales y fuerzas del orden se dirigieron a distintas localidades de la ciudad en busca de fosas clandestinas, donde pudieran encontrar a sus desaparecidos.<\/p>\n","protected":false},"excerpt":{"rendered":"<p>C\u00f3rdoba, Ver.- Durante la ma\u00f1ana del lunes familiares de personas desaparecidas se presentaron ante la Fiscal\u00eda para exigir que cumplan con lo s\u00e9 ha pactado para&nbsp; b\u00fasqueda de cad\u00e1veres o restos humanos. Representantes de cinco colectivos, entre ellos \u00abLuz fuerza y lucha por nuestros desaparecidos\u00bb,&nbsp; &nbsp;encabezados por Milagro Montiel Cruz, expresaron que contin\u00faan con las [&hellip;]<\/p>\n","protected":false},"author":1,"featured_media":12291,"comment_status":"open","ping_status":"open","sticky":false,"template":"","format":"standard","meta":{"tdm_status":"","tdm_grid_status":"","footnotes":""},"categories":[10],"tags":[],"class_list":["post-12290","post","type-post","status-publish","format-standard","has-post-thumbnail","category-local-regional"],"_links":{"self":[{"href":"https:\/\/elrotativo.com.mx\/portal\/wp-json\/wp\/v2\/posts\/12290","targetHints":{"allow":["GET"]}}],"collection":[{"href":"https:\/\/elrotativo.com.mx\/portal\/wp-json\/wp\/v2\/posts"}],"about":[{"href":"https:\/\/elrotativo.com.mx\/portal\/wp-json\/wp\/v2\/types\/post"}],"author":[{"embeddable":true,"href":"https:\/\/elrotativo.com.mx\/portal\/wp-json\/wp\/v2\/users\/1"}],"replies":[{"embeddable":true,"href":"https:\/\/elrotativo.com.mx\/portal\/wp-json\/wp\/v2\/comments?post=12290"}],"version-history":[{"count":1,"href":"https:\/\/elrotativo.com.mx\/portal\/wp-json\/wp\/v2\/posts\/12290\/revisions"}],"predecessor-version":[{"id":12292,"href":"https:\/\/elrotativo.com.mx\/portal\/wp-json\/wp\/v2\/posts\/12290\/revisions\/12292"}],"wp:featuredmedia":[{"embeddable":true,"href":"https:\/\/elrotativo.com.mx\/portal\/wp-json\/wp\/v2\/media\/12291"}],"wp:attachment":[{"href":"https:\/\/elrotativo.com.mx\/portal\/wp-json\/wp\/v2\/media?parent=12290"}],"wp:term":[{"taxonomy":"category","embeddable":true,"href":"https:\/\/elrotativo.com.mx\/portal\/wp-json\/wp\/v2\/categories?post=12290"},{"taxonomy":"post_tag","embeddable":true,"href":"https:\/\/elrotativo.com.mx\/portal\/wp-json\/wp\/v2\/tags?post=12290"}],"curies":[{"name":"wp","href":"https:\/\/api.w.org\/{rel}","templated":true}]}}