{"id":12282,"date":"2023-01-31T00:02:06","date_gmt":"2023-01-31T06:02:06","guid":{"rendered":"https:\/\/elrotativo.mx\/portal\/?p=12282"},"modified":"2023-01-31T00:02:07","modified_gmt":"2023-01-31T06:02:07","slug":"declaran-sesion-permanente-del-consejo-municipal-de-proteccion-civil","status":"publish","type":"post","link":"https:\/\/elrotativo.com.mx\/portal\/declaran-sesion-permanente-del-consejo-municipal-de-proteccion-civil\/","title":{"rendered":"<strong>Declaran sesi\u00f3n permanente del Consejo Municipal de Protecci\u00f3n Civil<\/strong>"},"content":{"rendered":"\n<p class=\"wp-block-paragraph\">C\u00f3rdoba, Ver.- Durante la segunda sesi\u00f3n ordinaria del Consejo Municipal de Protecci\u00f3n Civil, los ediles, grupos de emergencia, funcionarios municipales, corporaciones de auxilio y rescate, aprobaron por unanimidad de votos, declarar sesi\u00f3n permanente a fin de atender cualquier eventualidad ante la temporada de incendios.&nbsp;<\/p>\n\n\n\n<p class=\"wp-block-paragraph\">Adem\u00e1s, la Unidad Municipal de Protecci\u00f3n Civil, inform\u00f3 de las nuevas acciones a implementar dentro de este 2023, entre las que destacan el seguimiento a los dict\u00e1menes emitidos por la Secretar\u00eda de Protecci\u00f3n Civil, la creaci\u00f3n de la Primera Guardia Femenil de Protecci\u00f3n Civil y la actualizaci\u00f3n del Programa Municipal de la misma.&nbsp;<\/p>\n\n\n\n<p class=\"wp-block-paragraph\">El Patronato de Bomberos, Cruz Roja, Comisi\u00f3n Nacional de Emergencia y Cruz \u00c1mbar, recibieron el documento que les reconoce con el Registro Municipal, el cual, brinda certeza que los grupos voluntarios cuentan con la capacitaci\u00f3n y actualizaci\u00f3n de los elementos, cumplimiento de acta constitutiva, fuerza de tarea y constancia de capacitaci\u00f3n.<\/p>\n\n\n\n<p class=\"wp-block-paragraph\">Dentro de su informe de actividades del 2022, Tress Mart\u00ednez, destac\u00f3 que se capacitaron dos mil 663 personas en las cuatro brigadas en temas de uso manejo de extintores, primeros auxilios, evacuaci\u00f3n de inmuebles, b\u00fasqueda y rescate, de la mano con el Cuerpo de Bombero, Cruz Roja Mexicana y elementos de Protecci\u00f3n Civil Municipal.<\/p>\n\n\n\n<p class=\"wp-block-paragraph\">Se atendieron ocho deslaves y diez socavones que fueron canalizados a diferentes \u00e1reas del Ayuntamiento para su atenci\u00f3n, adem\u00e1s dieron auxilio a 90 incendios, 82 fugas de gas y 21 derrames. Se procedi\u00f3 a realizar el desalojo y reubicaci\u00f3n de las familias que habitaban los departamentos ubicados en la Ex V\u00eda del Huatusquito y Colorines, esto con la finalidad de salvaguardar la integridad de la ciudadan\u00eda y dar cumplimiento al dictamen de Protecci\u00f3n Civil, y proceder con el cierre total de la vialidad.<\/p>\n\n\n\n<p class=\"wp-block-paragraph\">Por \u00faltimo, el Regidor Primero, quien preside la comisi\u00f3n de Protecci\u00f3n Civil, Daniel V\u00e1zquez Hern\u00e1ndez y la S\u00edndica \u00danica, Vania L\u00f3pez Gonz\u00e1lez, felicitaron a los integrantes de la UMPC por el trabajo realizado en beneficio de la poblaci\u00f3n.<\/p>\n","protected":false},"excerpt":{"rendered":"<p>C\u00f3rdoba, Ver.- Durante la segunda sesi\u00f3n ordinaria del Consejo Municipal de Protecci\u00f3n Civil, los ediles, grupos de emergencia, funcionarios municipales, corporaciones de auxilio y rescate, aprobaron por unanimidad de votos, declarar sesi\u00f3n permanente a fin de atender cualquier eventualidad ante la temporada de incendios.&nbsp; Adem\u00e1s, la Unidad Municipal de Protecci\u00f3n Civil, inform\u00f3 de las nuevas [&hellip;]<\/p>\n","protected":false},"author":1,"featured_media":12232,"comment_status":"open","ping_status":"open","sticky":false,"template":"","format":"standard","meta":{"tdm_status":"","tdm_grid_status":"","footnotes":""},"categories":[10],"tags":[],"class_list":["post-12282","post","type-post","status-publish","format-standard","has-post-thumbnail","category-local-regional"],"_links":{"self":[{"href":"https:\/\/elrotativo.com.mx\/portal\/wp-json\/wp\/v2\/posts\/12282","targetHints":{"allow":["GET"]}}],"collection":[{"href":"https:\/\/elrotativo.com.mx\/portal\/wp-json\/wp\/v2\/posts"}],"about":[{"href":"https:\/\/elrotativo.com.mx\/portal\/wp-json\/wp\/v2\/types\/post"}],"author":[{"embeddable":true,"href":"https:\/\/elrotativo.com.mx\/portal\/wp-json\/wp\/v2\/users\/1"}],"replies":[{"embeddable":true,"href":"https:\/\/elrotativo.com.mx\/portal\/wp-json\/wp\/v2\/comments?post=12282"}],"version-history":[{"count":1,"href":"https:\/\/elrotativo.com.mx\/portal\/wp-json\/wp\/v2\/posts\/12282\/revisions"}],"predecessor-version":[{"id":12283,"href":"https:\/\/elrotativo.com.mx\/portal\/wp-json\/wp\/v2\/posts\/12282\/revisions\/12283"}],"wp:featuredmedia":[{"embeddable":true,"href":"https:\/\/elrotativo.com.mx\/portal\/wp-json\/wp\/v2\/media\/12232"}],"wp:attachment":[{"href":"https:\/\/elrotativo.com.mx\/portal\/wp-json\/wp\/v2\/media?parent=12282"}],"wp:term":[{"taxonomy":"category","embeddable":true,"href":"https:\/\/elrotativo.com.mx\/portal\/wp-json\/wp\/v2\/categories?post=12282"},{"taxonomy":"post_tag","embeddable":true,"href":"https:\/\/elrotativo.com.mx\/portal\/wp-json\/wp\/v2\/tags?post=12282"}],"curies":[{"name":"wp","href":"https:\/\/api.w.org\/{rel}","templated":true}]}}