{"id":12280,"date":"2023-01-31T00:00:57","date_gmt":"2023-01-31T06:00:57","guid":{"rendered":"https:\/\/elrotativo.mx\/portal\/?p=12280"},"modified":"2023-01-31T00:00:58","modified_gmt":"2023-01-31T06:00:58","slug":"cierra-registro-civil-de-cordoba-periodo-de-inscripcion-para-bodas-colectivas","status":"publish","type":"post","link":"https:\/\/elrotativo.com.mx\/portal\/cierra-registro-civil-de-cordoba-periodo-de-inscripcion-para-bodas-colectivas\/","title":{"rendered":"<strong>Cierra Registro Civil de C\u00f3rdoba periodo de inscripci\u00f3n para Bodas Colectivas\u00a0<\/strong>"},"content":{"rendered":"\n<p class=\"wp-block-paragraph\">C\u00f3rdoba, Ver.- A partir de este lunes y al haber logrado su meta de 150 parejas, la Oficial\u00eda del Registro Civil de C\u00f3rdoba, cierra su periodo de inscripci\u00f3n a quienes buscaban formalizar su uni\u00f3n el pr\u00f3ximo 14 de febrero en la jornada de Bodas Colectivas.&nbsp;<\/p>\n\n\n\n<p class=\"wp-block-paragraph\">El titular de la oficina en C\u00f3rdoba, Norman Jim\u00e9nez Ram\u00edrez, dijo que este lunes ya se alcanz\u00f3 con la meta esperada que se van a dar el s\u00ed, \u201caunque la convocatoria se cerraba el 3 de febrero, hubo buena respuesta de los ciudadanos y tenemos ya los formatos agotados para los matrimonios colectivos y por eso hoy se cierra el registro\u201d.&nbsp;<\/p>\n\n\n\n<p class=\"wp-block-paragraph\">Ante la alta demanda de parejas que buscan legalizar su uni\u00f3n, Jim\u00e9nez Ram\u00edrez consider\u00f3 la opci\u00f3n de abrir una segunda jornada de bodas colectivas, propuesta que a\u00fan ser\u00e1 sometida a autorizaci\u00f3n de las autoridades correspondientes, incluyendo a la Direcci\u00f3n General del Registro Civil, pero para una fecha posterior.&nbsp;<\/p>\n\n\n\n<p class=\"wp-block-paragraph\">\u00abPosiblemente se pueda abrir otra jornada de bodas colectivas, tendremos que hablarlo con el alcalde, el doctor Juan Mart\u00ednez, ya que hay que recordar que \u00e9l y la S\u00edndica, Vania L\u00f3pez Gonz\u00e1lez dieron todo el apoyo para que se exentaran algunos tr\u00e1mites\u201d, mencion\u00f3.<\/p>\n\n\n\n<p class=\"wp-block-paragraph\">Cabe recordar que esta jornada de bodas colectivas se llevar\u00e1 a cabo el pr\u00f3ximo 14 de febrero a las 10 de la ma\u00f1ana en el parque Alameda Rafael Murillo Vidal, evento que se realiza junto con el Sistema Municipal para el Desarrollo Integral de la Familia (DIF).<\/p>\n","protected":false},"excerpt":{"rendered":"<p>C\u00f3rdoba, Ver.- A partir de este lunes y al haber logrado su meta de 150 parejas, la Oficial\u00eda del Registro Civil de C\u00f3rdoba, cierra su periodo de inscripci\u00f3n a quienes buscaban formalizar su uni\u00f3n el pr\u00f3ximo 14 de febrero en la jornada de Bodas Colectivas.&nbsp; El titular de la oficina en C\u00f3rdoba, Norman Jim\u00e9nez Ram\u00edrez, [&hellip;]<\/p>\n","protected":false},"author":1,"featured_media":12230,"comment_status":"open","ping_status":"open","sticky":false,"template":"","format":"standard","meta":{"tdm_status":"","tdm_grid_status":"","footnotes":""},"categories":[10],"tags":[],"class_list":["post-12280","post","type-post","status-publish","format-standard","has-post-thumbnail","category-local-regional"],"_links":{"self":[{"href":"https:\/\/elrotativo.com.mx\/portal\/wp-json\/wp\/v2\/posts\/12280","targetHints":{"allow":["GET"]}}],"collection":[{"href":"https:\/\/elrotativo.com.mx\/portal\/wp-json\/wp\/v2\/posts"}],"about":[{"href":"https:\/\/elrotativo.com.mx\/portal\/wp-json\/wp\/v2\/types\/post"}],"author":[{"embeddable":true,"href":"https:\/\/elrotativo.com.mx\/portal\/wp-json\/wp\/v2\/users\/1"}],"replies":[{"embeddable":true,"href":"https:\/\/elrotativo.com.mx\/portal\/wp-json\/wp\/v2\/comments?post=12280"}],"version-history":[{"count":1,"href":"https:\/\/elrotativo.com.mx\/portal\/wp-json\/wp\/v2\/posts\/12280\/revisions"}],"predecessor-version":[{"id":12281,"href":"https:\/\/elrotativo.com.mx\/portal\/wp-json\/wp\/v2\/posts\/12280\/revisions\/12281"}],"wp:featuredmedia":[{"embeddable":true,"href":"https:\/\/elrotativo.com.mx\/portal\/wp-json\/wp\/v2\/media\/12230"}],"wp:attachment":[{"href":"https:\/\/elrotativo.com.mx\/portal\/wp-json\/wp\/v2\/media?parent=12280"}],"wp:term":[{"taxonomy":"category","embeddable":true,"href":"https:\/\/elrotativo.com.mx\/portal\/wp-json\/wp\/v2\/categories?post=12280"},{"taxonomy":"post_tag","embeddable":true,"href":"https:\/\/elrotativo.com.mx\/portal\/wp-json\/wp\/v2\/tags?post=12280"}],"curies":[{"name":"wp","href":"https:\/\/api.w.org\/{rel}","templated":true}]}}