{"id":12276,"date":"2023-01-30T23:56:59","date_gmt":"2023-01-31T05:56:59","guid":{"rendered":"https:\/\/elrotativo.mx\/portal\/?p=12276"},"modified":"2023-01-30T23:57:01","modified_gmt":"2023-01-31T05:57:01","slug":"anuncian-festival-de-la-fresa-en-nogales","status":"publish","type":"post","link":"https:\/\/elrotativo.com.mx\/portal\/anuncian-festival-de-la-fresa-en-nogales\/","title":{"rendered":"<strong>Anuncian Festival de la Fresa en Nogales<\/strong>"},"content":{"rendered":"\n<p class=\"wp-block-paragraph\"><strong>*Con el respaldo de las \u00e1reas de Comercio y Desarrollo Econ\u00f3mico&nbsp;ser\u00e1 los d\u00edas 25 y 26 de marzo<\/strong><\/p>\n\n\n\n<p class=\"wp-block-paragraph\">Nogales, Ver.- El gobierno municipal que encabeza Ernesto Torres Navarro, anunci\u00f3 junto con productores de la comunidad de Balastrera, el \u201cPrimer Festival de la Fresa\u00bb, para destacar las propiedades y versatilidad de la fruta que con cari\u00f1o siembran los agricultores en la zona de las Altas Monta\u00f1as.<\/p>\n\n\n\n<p class=\"wp-block-paragraph\">El Festival de la Fresa ser\u00e1 un evento que, sin duda, impulsar\u00e1 el desarrollo econ\u00f3mico de Cecilio Ter\u00e1n, con el objetivo de darle mayor desarrollo tur\u00edstico y conocer los atractivos naturales de la congregaci\u00f3n.<\/p>\n\n\n\n<p class=\"wp-block-paragraph\">\u201cVamos a incentivar el consumo de la fruta, reuniendo a emprendedores locales que forman parte de la comunidad de Balastrera\u201d, afirm\u00f3 el presidente municipal Ernesto Torres Navarro.<\/p>\n\n\n\n<p class=\"wp-block-paragraph\">Durante la festividad, los visitantes podr\u00e1n degustar platillos que contienen fresa lo que ser\u00e1 una experiencia gastron\u00f3mica para conocer las costumbres y tradiciones de Balastrera.<\/p>\n\n\n\n<p class=\"wp-block-paragraph\">Eventos como este son parte de la estrategia \u201cConoce Nogales\u201d con la que se busca incrementar, la afluencia de visitantes al municipio para colocarlo como un nuevo destino tur\u00edstico y a su vez, resaltar la identidad de los ejidatarios de Cecilio Ter\u00e1n que siembran y cultivan la fresa.<\/p>\n","protected":false},"excerpt":{"rendered":"<p>*Con el respaldo de las \u00e1reas de Comercio y Desarrollo Econ\u00f3mico&nbsp;ser\u00e1 los d\u00edas 25 y 26 de marzo Nogales, Ver.- El gobierno municipal que encabeza Ernesto Torres Navarro, anunci\u00f3 junto con productores de la comunidad de Balastrera, el \u201cPrimer Festival de la Fresa\u00bb, para destacar las propiedades y versatilidad de la fruta que con cari\u00f1o [&hellip;]<\/p>\n","protected":false},"author":1,"featured_media":12223,"comment_status":"open","ping_status":"open","sticky":false,"template":"","format":"standard","meta":{"tdm_status":"","tdm_grid_status":"","footnotes":""},"categories":[10],"tags":[],"class_list":["post-12276","post","type-post","status-publish","format-standard","has-post-thumbnail","category-local-regional"],"_links":{"self":[{"href":"https:\/\/elrotativo.com.mx\/portal\/wp-json\/wp\/v2\/posts\/12276","targetHints":{"allow":["GET"]}}],"collection":[{"href":"https:\/\/elrotativo.com.mx\/portal\/wp-json\/wp\/v2\/posts"}],"about":[{"href":"https:\/\/elrotativo.com.mx\/portal\/wp-json\/wp\/v2\/types\/post"}],"author":[{"embeddable":true,"href":"https:\/\/elrotativo.com.mx\/portal\/wp-json\/wp\/v2\/users\/1"}],"replies":[{"embeddable":true,"href":"https:\/\/elrotativo.com.mx\/portal\/wp-json\/wp\/v2\/comments?post=12276"}],"version-history":[{"count":1,"href":"https:\/\/elrotativo.com.mx\/portal\/wp-json\/wp\/v2\/posts\/12276\/revisions"}],"predecessor-version":[{"id":12277,"href":"https:\/\/elrotativo.com.mx\/portal\/wp-json\/wp\/v2\/posts\/12276\/revisions\/12277"}],"wp:featuredmedia":[{"embeddable":true,"href":"https:\/\/elrotativo.com.mx\/portal\/wp-json\/wp\/v2\/media\/12223"}],"wp:attachment":[{"href":"https:\/\/elrotativo.com.mx\/portal\/wp-json\/wp\/v2\/media?parent=12276"}],"wp:term":[{"taxonomy":"category","embeddable":true,"href":"https:\/\/elrotativo.com.mx\/portal\/wp-json\/wp\/v2\/categories?post=12276"},{"taxonomy":"post_tag","embeddable":true,"href":"https:\/\/elrotativo.com.mx\/portal\/wp-json\/wp\/v2\/tags?post=12276"}],"curies":[{"name":"wp","href":"https:\/\/api.w.org\/{rel}","templated":true}]}}