{"id":12274,"date":"2023-01-30T23:55:19","date_gmt":"2023-01-31T05:55:19","guid":{"rendered":"https:\/\/elrotativo.mx\/portal\/?p=12274"},"modified":"2023-01-30T23:55:21","modified_gmt":"2023-01-31T05:55:21","slug":"poblacion-penitenciaria-recibe-refuerzo-contra-covid-19-ssp","status":"publish","type":"post","link":"https:\/\/elrotativo.com.mx\/portal\/poblacion-penitenciaria-recibe-refuerzo-contra-covid-19-ssp\/","title":{"rendered":"<strong>Poblaci\u00f3n penitenciaria recibe refuerzo contra COVID-19: SSP<\/strong>"},"content":{"rendered":"\n<p class=\"wp-block-paragraph\">Xalapa, Ver.- Atendiendo al derecho a la salud, las secretar\u00edas de Seguridad P\u00fablica y de Salud aplicaron la primera dosis de refuerzo contra COVID-19 a 3 mil 913 personas privadas de la libertad en los centros penitenciarios de Amatl\u00e1n de los Reyes, Coatzacoalcos, Cosamaloapan, Huayacocotla, Jalacingo, Pacho Viejo, Papantla y San Andr\u00e9s Tuxtla.<\/p>\n\n\n\n<p class=\"wp-block-paragraph\">La Direcci\u00f3n General de Prevenci\u00f3n y Reinserci\u00f3n Social se coordin\u00f3 con cada una de las jurisdicciones sanitarias para inocular a 198 mujeres y 3 mil 715 hombres, como parte del Programa Nacional de Vacunaci\u00f3n de Prevenci\u00f3n contra COVID-19 de la Temporada Invernal con la vacuna Abdala, de origen cubano.<\/p>\n\n\n\n<p class=\"wp-block-paragraph\">Los Centros de Reinserci\u00f3n Social (CERESOS) pr\u00f3ximos a recibir el refuerzo son Acayucan, Chicontepec, Misantla, Ozuluama, P\u00e1nuco, Poza Rica, Tuxpan, Zongolica.<\/p>\n\n\n\n<p class=\"wp-block-paragraph\">La dependencia informa que en los 17 CERESOS y los dos m\u00f3dulos de detenci\u00f3n de 72 horas (Veracruz y Orizaba) los protocolos estrictos de atenci\u00f3n a la contingencia sanitaria siguen vigentes con el objetivo de prevenir y proteger la salud de los internos como del personal administrativo y operativo.<\/p>\n\n\n\n<p class=\"wp-block-paragraph\">Estos son visitas familiares por locutorios, videollamadas, desinfecci\u00f3n diaria de las instalaciones, toma de temperatura, uso de cubreboca y caretas, lavado de manos e instalaci\u00f3n de dispensadores de gel antibacterial en diferentes \u00e1reas.<\/p>\n","protected":false},"excerpt":{"rendered":"<p>Xalapa, Ver.- Atendiendo al derecho a la salud, las secretar\u00edas de Seguridad P\u00fablica y de Salud aplicaron la primera dosis de refuerzo contra COVID-19 a 3 mil 913 personas privadas de la libertad en los centros penitenciarios de Amatl\u00e1n de los Reyes, Coatzacoalcos, Cosamaloapan, Huayacocotla, Jalacingo, Pacho Viejo, Papantla y San Andr\u00e9s Tuxtla. La Direcci\u00f3n [&hellip;]<\/p>\n","protected":false},"author":1,"featured_media":12233,"comment_status":"open","ping_status":"open","sticky":false,"template":"","format":"standard","meta":{"tdm_status":"","tdm_grid_status":"","footnotes":""},"categories":[7],"tags":[],"class_list":["post-12274","post","type-post","status-publish","format-standard","has-post-thumbnail","category-policiaca"],"_links":{"self":[{"href":"https:\/\/elrotativo.com.mx\/portal\/wp-json\/wp\/v2\/posts\/12274","targetHints":{"allow":["GET"]}}],"collection":[{"href":"https:\/\/elrotativo.com.mx\/portal\/wp-json\/wp\/v2\/posts"}],"about":[{"href":"https:\/\/elrotativo.com.mx\/portal\/wp-json\/wp\/v2\/types\/post"}],"author":[{"embeddable":true,"href":"https:\/\/elrotativo.com.mx\/portal\/wp-json\/wp\/v2\/users\/1"}],"replies":[{"embeddable":true,"href":"https:\/\/elrotativo.com.mx\/portal\/wp-json\/wp\/v2\/comments?post=12274"}],"version-history":[{"count":1,"href":"https:\/\/elrotativo.com.mx\/portal\/wp-json\/wp\/v2\/posts\/12274\/revisions"}],"predecessor-version":[{"id":12275,"href":"https:\/\/elrotativo.com.mx\/portal\/wp-json\/wp\/v2\/posts\/12274\/revisions\/12275"}],"wp:featuredmedia":[{"embeddable":true,"href":"https:\/\/elrotativo.com.mx\/portal\/wp-json\/wp\/v2\/media\/12233"}],"wp:attachment":[{"href":"https:\/\/elrotativo.com.mx\/portal\/wp-json\/wp\/v2\/media?parent=12274"}],"wp:term":[{"taxonomy":"category","embeddable":true,"href":"https:\/\/elrotativo.com.mx\/portal\/wp-json\/wp\/v2\/categories?post=12274"},{"taxonomy":"post_tag","embeddable":true,"href":"https:\/\/elrotativo.com.mx\/portal\/wp-json\/wp\/v2\/tags?post=12274"}],"curies":[{"name":"wp","href":"https:\/\/api.w.org\/{rel}","templated":true}]}}