{"id":12217,"date":"2023-01-30T09:43:04","date_gmt":"2023-01-30T15:43:04","guid":{"rendered":"https:\/\/elrotativo.mx\/portal\/?p=12217"},"modified":"2023-01-30T09:43:05","modified_gmt":"2023-01-30T15:43:05","slug":"setsuv-exige-aumento-salarial-del-20-por-ciento","status":"publish","type":"post","link":"https:\/\/elrotativo.com.mx\/portal\/setsuv-exige-aumento-salarial-del-20-por-ciento\/","title":{"rendered":"<strong>Setsuv exige aumento salarial del 20 por ciento<\/strong>"},"content":{"rendered":"\n<p class=\"wp-block-paragraph\">Orizaba, Ver.- Ante la falta de disponibilidad por parte de la Rector\u00eda de la Universidad Veracruzana (UV) para la negociaci\u00f3n del aumento salarial, integrantes del Sindicato Estatal de Trabajadores al Servicio de la Universidad Veracruzana (SETSUV) bloquearon de manera intermitente la avenida Poniente 7 y sur 22 frente a las instalaciones de la Vicerrector\u00eda para demandar se les autorice el aumento del 20 por ciento.<\/p>\n\n\n\n<p class=\"wp-block-paragraph\">Los trabajadores sindicalizados puntualizaron que son un sindicato pacifico, pero buscan prestaciones laborales y salario justos.<\/p>\n\n\n\n<p class=\"wp-block-paragraph\">De acuerdo con el comisionado de Prensa y Propaganda del Setsuv, Eldad Ram\u00edrez Segundo, los agremiados reconocen que las finanzas no est\u00e1n muy bien en el estado pero esperan que el rector Mart\u00edn Aguilar S\u00e1nchez encuentre una vertiente para beneficio del personal administrativo, t\u00e9cnico y manual que lo conforma.<\/p>\n\n\n\n<p class=\"wp-block-paragraph\">En la regi\u00f3n Orizaba-C\u00f3rdoba existen aproximadamente 300 agremiados al Setsuv y esperan que la parte patronal no se cierre, sino que entienda la situaci\u00f3n del personal que s\u00f3lo busca mejores condiciones.<\/p>\n\n\n\n<p class=\"wp-block-paragraph\">Agreg\u00f3 que est\u00e1n dispuestos a realizar algunas marchas en los pr\u00f3ximos d\u00edas para que se vea el m\u00fasculo que tienen como sindicato y record\u00f3 que la huelga en Setsuv desde hace 10 a\u00f1os que no se realiza.<\/p>\n","protected":false},"excerpt":{"rendered":"<p>Orizaba, Ver.- Ante la falta de disponibilidad por parte de la Rector\u00eda de la Universidad Veracruzana (UV) para la negociaci\u00f3n del aumento salarial, integrantes del Sindicato Estatal de Trabajadores al Servicio de la Universidad Veracruzana (SETSUV) bloquearon de manera intermitente la avenida Poniente 7 y sur 22 frente a las instalaciones de la Vicerrector\u00eda para [&hellip;]<\/p>\n","protected":false},"author":1,"featured_media":12119,"comment_status":"open","ping_status":"open","sticky":false,"template":"","format":"standard","meta":{"tdm_status":"","tdm_grid_status":"","footnotes":""},"categories":[10],"tags":[],"class_list":["post-12217","post","type-post","status-publish","format-standard","has-post-thumbnail","category-local-regional"],"_links":{"self":[{"href":"https:\/\/elrotativo.com.mx\/portal\/wp-json\/wp\/v2\/posts\/12217","targetHints":{"allow":["GET"]}}],"collection":[{"href":"https:\/\/elrotativo.com.mx\/portal\/wp-json\/wp\/v2\/posts"}],"about":[{"href":"https:\/\/elrotativo.com.mx\/portal\/wp-json\/wp\/v2\/types\/post"}],"author":[{"embeddable":true,"href":"https:\/\/elrotativo.com.mx\/portal\/wp-json\/wp\/v2\/users\/1"}],"replies":[{"embeddable":true,"href":"https:\/\/elrotativo.com.mx\/portal\/wp-json\/wp\/v2\/comments?post=12217"}],"version-history":[{"count":1,"href":"https:\/\/elrotativo.com.mx\/portal\/wp-json\/wp\/v2\/posts\/12217\/revisions"}],"predecessor-version":[{"id":12218,"href":"https:\/\/elrotativo.com.mx\/portal\/wp-json\/wp\/v2\/posts\/12217\/revisions\/12218"}],"wp:featuredmedia":[{"embeddable":true,"href":"https:\/\/elrotativo.com.mx\/portal\/wp-json\/wp\/v2\/media\/12119"}],"wp:attachment":[{"href":"https:\/\/elrotativo.com.mx\/portal\/wp-json\/wp\/v2\/media?parent=12217"}],"wp:term":[{"taxonomy":"category","embeddable":true,"href":"https:\/\/elrotativo.com.mx\/portal\/wp-json\/wp\/v2\/categories?post=12217"},{"taxonomy":"post_tag","embeddable":true,"href":"https:\/\/elrotativo.com.mx\/portal\/wp-json\/wp\/v2\/tags?post=12217"}],"curies":[{"name":"wp","href":"https:\/\/api.w.org\/{rel}","templated":true}]}}